{"id":7793,"date":"2020-11-04T10:04:39","date_gmt":"2020-11-04T09:04:39","guid":{"rendered":"https:\/\/revertia.com\/?p=7793"},"modified":"2020-11-04T10:04:39","modified_gmt":"2020-11-04T09:04:39","slug":"aprobado-el-plan-para-descarbonizar-espana-y-lograr-la-neutralidad-climatica-en-2050","status":"publish","type":"post","link":"https:\/\/revertia.com\/es\/aprobado-el-plan-para-descarbonizar-espana-y-lograr-la-neutralidad-climatica-en-2050\/","title":{"rendered":"Aprobado el plan para descarbonizar Espa\u00f1a y lograr la neutralidad clim\u00e1tica en 2050"},"content":{"rendered":"<p><a href=\"https:\/\/www.miteco.gob.es\/es\/prensa\/documentoelp_tcm30-516109.pdf\"><img loading=\"lazy\" decoding=\"async\" class=\"wp-image-7794 alignleft\" src=\"https:\/\/revertia.com\/wp-content\/uploads\/2020\/11\/Descarbonizaci\u00f3n-2050.jpg\" alt=\"\" width=\"230\" height=\"286\" srcset=\"https:\/\/revertia.com\/wp-content\/uploads\/2020\/11\/Descarbonizaci\u00f3n-2050.jpg 800w, https:\/\/revertia.com\/wp-content\/uploads\/2020\/11\/Descarbonizaci\u00f3n-2050-241x300.jpg 241w, https:\/\/revertia.com\/wp-content\/uploads\/2020\/11\/Descarbonizaci\u00f3n-2050-640x795.jpg 640w\" sizes=\"(max-width: 230px) 100vw, 230px\" \/><\/a>El Gobierno ha aprobado este pasado martes 3 de noviembre la hoja de ruta para descarbonizar la econom\u00eda espa\u00f1ola y lograr a mediados de siglo el objetivo de ser neutrales en carbono, es decir que el balance de emisiones de gases de efecto invernadero sea cero. Esto se conseguir\u00e1, por un lado, reduciendo dr\u00e1sticamente las emisiones y, por otro, compensando con acciones de mitigaci\u00f3n las emisiones que sigan produciendo.<\/p>\n<p>La denominada\u00a0<a href=\"https:\/\/www.miteco.gob.es\/es\/prensa\/documentoelp_tcm30-516109.pdf\">Estrategia de Descarbonizaci\u00f3n a Largo Plazo\u00a0(ELP 2050)<\/a> permitir\u00e1 <strong>reducir un 90% las emisiones de gases de efecto invernadero en 2050<\/strong> respecto a las que se emit\u00edan en 1990. El texto detalla la manera de conseguir los compromisos de Espa\u00f1a como miembro de la Uni\u00f3n Europea y como firmante del Acuerdo de Par\u00eds alcanzado durante la Cumbre del Clima de 2015.<\/p>\n<p>Para lograr la neutralidad clim\u00e1tica en 2050,\u00a0las energ\u00edas renovables representar\u00e1n el 97%\u00a0y se reducir\u00e1 el consumo de energ\u00eda un 50% desde 2020 a 2050 mejorando la eficiencia energ\u00e9tica y reduciendo su consumo.<\/p>\n<p>Seg\u00fan los planes del Gobierno, el sector de la edificaci\u00f3n estar\u00e1 100% descarbonizado en 2050. La movilidad y el transporte reducir\u00e1n sus emisiones cerca del 98% respecto a valores actuales y la industria lo har\u00e1 en m\u00e1s de un 90%.<\/p>\n<p>Para conseguir que los sumideros de carbono sean capaces de absorber el 10% de las emisiones de CO<sub>2<\/sub>\u00a0se reforestar\u00e1n 20.000 hect\u00e1reas anualmente entre 2020 y 2050, se incrementar\u00e1 un 4% la superficie de tierras forestales y se recuperar\u00e1n 50.000 hect\u00e1reas de humedales hasta 2050.<\/p>\n<p>Seg\u00fan las estimaciones del Gobierno, la neutralidad clim\u00e1tica a mediados de siglo permitir\u00e1\u00a0reducir en un 60% las muertes prematuras\u00a0vinculadas a la exposici\u00f3n de sustancias contaminantes.<\/p>\n<p>En materia de <strong>residuos<\/strong>, la aplicaci\u00f3n de medidas derivadas de la econom\u00eda circular, de la <strong>reutilizaci\u00f3n y el reciclado<\/strong>, de la reducci\u00f3n de carga de nitr\u00f3geno en los vertidos a cauces o del fin de incineraci\u00f3n de residuos, permitir\u00e1 <strong>reducir las emisiones en un 81%<\/strong>.<\/p>","protected":false},"excerpt":{"rendered":"<p>El Gobierno ha aprobado este pasado martes 3 de noviembre la hoja de ruta para descarbonizar la econom\u00eda espa\u00f1ola y lograr a mediados de siglo el objetivo de ser neutrales en carbono, es decir que el balance de emisiones de gases de efecto invernadero sea cero. Esto se conseguir\u00e1, por un lado, reduciendo dr\u00e1sticamente las [&hellip;]<\/p>\n","protected":false},"author":3,"featured_media":7797,"comment_status":"closed","ping_status":"closed","sticky":false,"template":"","format":"standard","meta":{"_acf_changed":false,"inline_featured_image":false,"footnotes":""},"categories":[1],"tags":[],"acf":[],"yoast_head":"<!-- This site is optimized with the Yoast SEO plugin v22.8 - https:\/\/yoast.com\/wordpress\/plugins\/seo\/ -->\n<title>Aprobado el plan para descarbonizar Espa\u00f1a y lograr la neutralidad clim\u00e1tica en 2050 - Revertia<\/title>\n<meta name=\"robots\" content=\"index, follow, max-snippet:-1, max-image-preview:large, max-video-preview:-1\" \/>\n<link rel=\"canonical\" href=\"https:\/\/revertia.com\/es\/aprobado-el-plan-para-descarbonizar-espana-y-lograr-la-neutralidad-climatica-en-2050\/\" \/>\n<meta property=\"og:locale\" content=\"es_ES\" \/>\n<meta property=\"og:type\" content=\"article\" \/>\n<meta property=\"og:title\" content=\"[:es]Aprobado el plan para descarbonizar Espa\u00f1a y lograr la neutralidad clim\u00e1tica en 2050[:] - Revertia\" \/>\n<meta property=\"og:description\" content=\"El Gobierno ha aprobado este pasado martes 3 de noviembre la hoja de ruta para descarbonizar la econom\u00eda espa\u00f1ola y lograr a mediados de siglo el objetivo de ser neutrales en carbono, es decir que el balance de emisiones de gases de efecto invernadero sea cero. Esto se conseguir\u00e1, por un lado, reduciendo dr\u00e1sticamente las [&hellip;]\" \/>\n<meta property=\"og:url\" content=\"https:\/\/revertia.com\/es\/aprobado-el-plan-para-descarbonizar-espana-y-lograr-la-neutralidad-climatica-en-2050\/\" \/>\n<meta property=\"og:site_name\" content=\"Revertia\" \/>\n<meta property=\"article:publisher\" content=\"https:\/\/www.facebook.com\/revertiaresiduos\/\" \/>\n<meta property=\"article:published_time\" content=\"2020-11-04T09:04:39+00:00\" \/>\n<meta property=\"og:image\" content=\"https:\/\/revertia.com\/wp-content\/uploads\/2020\/11\/Descarbonizaci\u00f3n-2050_2.jpg\" \/>\n\t<meta property=\"og:image:width\" content=\"663\" \/>\n\t<meta property=\"og:image:height\" content=\"389\" \/>\n\t<meta property=\"og:image:type\" content=\"image\/jpeg\" \/>\n<meta name=\"author\" content=\"revertia\" \/>\n<meta name=\"twitter:card\" content=\"summary_large_image\" \/>\n<meta name=\"twitter:creator\" content=\"@revertia\" \/>\n<meta name=\"twitter:site\" content=\"@revertia\" \/>\n<meta name=\"twitter:label1\" content=\"Escrito por\" \/>\n\t<meta name=\"twitter:data1\" content=\"revertia\" \/>\n\t<meta name=\"twitter:label2\" content=\"Tiempo de lectura\" \/>\n\t<meta name=\"twitter:data2\" content=\"2 minutos\" \/>\n<script type=\"application\/ld+json\" class=\"yoast-schema-graph\">{\"@context\":\"https:\/\/schema.org\",\"@graph\":[{\"@type\":\"Article\",\"@id\":\"https:\/\/revertia.com\/es\/aprobado-el-plan-para-descarbonizar-espana-y-lograr-la-neutralidad-climatica-en-2050\/#article\",\"isPartOf\":{\"@id\":\"https:\/\/revertia.com\/es\/aprobado-el-plan-para-descarbonizar-espana-y-lograr-la-neutralidad-climatica-en-2050\/\"},\"author\":{\"name\":\"revertia\",\"@id\":\"https:\/\/revertia.com\/es\/#\/schema\/person\/940195d5ab9083cd7288a1c686485b0f\"},\"headline\":\"Aprobado el plan para descarbonizar Espa\u00f1a y lograr la neutralidad clim\u00e1tica en 2050\",\"datePublished\":\"2020-11-04T09:04:39+00:00\",\"dateModified\":\"2020-11-04T09:04:39+00:00\",\"mainEntityOfPage\":{\"@id\":\"https:\/\/revertia.com\/es\/aprobado-el-plan-para-descarbonizar-espana-y-lograr-la-neutralidad-climatica-en-2050\/\"},\"wordCount\":346,\"publisher\":{\"@id\":\"https:\/\/revertia.com\/es\/#organization\"},\"image\":{\"@id\":\"https:\/\/revertia.com\/es\/aprobado-el-plan-para-descarbonizar-espana-y-lograr-la-neutralidad-climatica-en-2050\/#primaryimage\"},\"thumbnailUrl\":\"https:\/\/revertia.com\/wp-content\/uploads\/2020\/11\/Descarbonizaci\u00f3n-2050_2.jpg\",\"inLanguage\":\"es\"},{\"@type\":\"WebPage\",\"@id\":\"https:\/\/revertia.com\/es\/aprobado-el-plan-para-descarbonizar-espana-y-lograr-la-neutralidad-climatica-en-2050\/\",\"url\":\"https:\/\/revertia.com\/es\/aprobado-el-plan-para-descarbonizar-espana-y-lograr-la-neutralidad-climatica-en-2050\/\",\"name\":\"[:es]Aprobado el plan para descarbonizar Espa\u00f1a y lograr la neutralidad clim\u00e1tica en 2050[:] - Revertia\",\"isPartOf\":{\"@id\":\"https:\/\/revertia.com\/es\/#website\"},\"primaryImageOfPage\":{\"@id\":\"https:\/\/revertia.com\/es\/aprobado-el-plan-para-descarbonizar-espana-y-lograr-la-neutralidad-climatica-en-2050\/#primaryimage\"},\"image\":{\"@id\":\"https:\/\/revertia.com\/es\/aprobado-el-plan-para-descarbonizar-espana-y-lograr-la-neutralidad-climatica-en-2050\/#primaryimage\"},\"thumbnailUrl\":\"https:\/\/revertia.com\/wp-content\/uploads\/2020\/11\/Descarbonizaci\u00f3n-2050_2.jpg\",\"datePublished\":\"2020-11-04T09:04:39+00:00\",\"dateModified\":\"2020-11-04T09:04:39+00:00\",\"breadcrumb\":{\"@id\":\"https:\/\/revertia.com\/es\/aprobado-el-plan-para-descarbonizar-espana-y-lograr-la-neutralidad-climatica-en-2050\/#breadcrumb\"},\"inLanguage\":\"es\",\"potentialAction\":[{\"@type\":\"ReadAction\",\"target\":[\"https:\/\/revertia.com\/es\/aprobado-el-plan-para-descarbonizar-espana-y-lograr-la-neutralidad-climatica-en-2050\/\"]}]},{\"@type\":\"ImageObject\",\"inLanguage\":\"es\",\"@id\":\"https:\/\/revertia.com\/es\/aprobado-el-plan-para-descarbonizar-espana-y-lograr-la-neutralidad-climatica-en-2050\/#primaryimage\",\"url\":\"https:\/\/revertia.com\/wp-content\/uploads\/2020\/11\/Descarbonizaci\u00f3n-2050_2.jpg\",\"contentUrl\":\"https:\/\/revertia.com\/wp-content\/uploads\/2020\/11\/Descarbonizaci\u00f3n-2050_2.jpg\",\"width\":663,\"height\":389},{\"@type\":\"BreadcrumbList\",\"@id\":\"https:\/\/revertia.com\/es\/aprobado-el-plan-para-descarbonizar-espana-y-lograr-la-neutralidad-climatica-en-2050\/#breadcrumb\",\"itemListElement\":[{\"@type\":\"ListItem\",\"position\":1,\"name\":\"Portada\",\"item\":\"https:\/\/revertia.com\/\"},{\"@type\":\"ListItem\",\"position\":2,\"name\":\"Aprobado el plan para descarbonizar Espa\u00f1a y lograr la neutralidad clim\u00e1tica en 2050\"}]},{\"@type\":\"WebSite\",\"@id\":\"https:\/\/revertia.com\/es\/#website\",\"url\":\"https:\/\/revertia.com\/es\/\",\"name\":\"Revertia\",\"description\":\"\",\"publisher\":{\"@id\":\"https:\/\/revertia.com\/es\/#organization\"},\"potentialAction\":[{\"@type\":\"SearchAction\",\"target\":{\"@type\":\"EntryPoint\",\"urlTemplate\":\"https:\/\/revertia.com\/es\/?s={search_term_string}\"},\"query-input\":\"required name=search_term_string\"}],\"inLanguage\":\"es\"},{\"@type\":\"Organization\",\"@id\":\"https:\/\/revertia.com\/es\/#organization\",\"name\":\"Revertia\",\"url\":\"https:\/\/revertia.com\/es\/\",\"logo\":{\"@type\":\"ImageObject\",\"inLanguage\":\"es\",\"@id\":\"https:\/\/revertia.com\/es\/#\/schema\/logo\/image\/\",\"url\":\"https:\/\/revertia.com\/wp-content\/uploads\/2018\/08\/logo-revertia.png\",\"contentUrl\":\"https:\/\/revertia.com\/wp-content\/uploads\/2018\/08\/logo-revertia.png\",\"width\":199,\"height\":38,\"caption\":\"Revertia\"},\"image\":{\"@id\":\"https:\/\/revertia.com\/es\/#\/schema\/logo\/image\/\"},\"sameAs\":[\"https:\/\/www.facebook.com\/revertiaresiduos\/\",\"https:\/\/x.com\/revertia\",\"https:\/\/www.linkedin.com\/company\/revertia\",\"https:\/\/www.youtube.com\/user\/revertia\"]},{\"@type\":\"Person\",\"@id\":\"https:\/\/revertia.com\/es\/#\/schema\/person\/940195d5ab9083cd7288a1c686485b0f\",\"name\":\"revertia\",\"image\":{\"@type\":\"ImageObject\",\"inLanguage\":\"es\",\"@id\":\"https:\/\/revertia.com\/es\/#\/schema\/person\/image\/\",\"url\":\"https:\/\/secure.gravatar.com\/avatar\/f0d4228f0378f96589aacc7ae76749a6?s=96&d=mm&r=g\",\"contentUrl\":\"https:\/\/secure.gravatar.com\/avatar\/f0d4228f0378f96589aacc7ae76749a6?s=96&d=mm&r=g\",\"caption\":\"revertia\"}}]}<\/script>\n<!-- \/ Yoast SEO plugin. -->","yoast_head_json":{"title":"[:es]Aprobado el plan para descarbonizar Espa\u00f1a y lograr la neutralidad clim\u00e1tica en 2050[:] - Revertia","robots":{"index":"index","follow":"follow","max-snippet":"max-snippet:-1","max-image-preview":"max-image-preview:large","max-video-preview":"max-video-preview:-1"},"canonical":"https:\/\/revertia.com\/es\/aprobado-el-plan-para-descarbonizar-espana-y-lograr-la-neutralidad-climatica-en-2050\/","og_locale":"es_ES","og_type":"article","og_title":"[:es]Aprobado el plan para descarbonizar Espa\u00f1a y lograr la neutralidad clim\u00e1tica en 2050[:] - Revertia","og_description":"El Gobierno ha aprobado este pasado martes 3 de noviembre la hoja de ruta para descarbonizar la econom\u00eda espa\u00f1ola y lograr a mediados de siglo el objetivo de ser neutrales en carbono, es decir que el balance de emisiones de gases de efecto invernadero sea cero. Esto se conseguir\u00e1, por un lado, reduciendo dr\u00e1sticamente las [&hellip;]","og_url":"https:\/\/revertia.com\/es\/aprobado-el-plan-para-descarbonizar-espana-y-lograr-la-neutralidad-climatica-en-2050\/","og_site_name":"Revertia","article_publisher":"https:\/\/www.facebook.com\/revertiaresiduos\/","article_published_time":"2020-11-04T09:04:39+00:00","og_image":[{"width":663,"height":389,"url":"https:\/\/revertia.com\/wp-content\/uploads\/2020\/11\/Descarbonizaci\u00f3n-2050_2.jpg","type":"image\/jpeg"}],"author":"revertia","twitter_card":"summary_large_image","twitter_creator":"@revertia","twitter_site":"@revertia","twitter_misc":{"Escrito por":"revertia","Tiempo de lectura":"2 minutos"},"schema":{"@context":"https:\/\/schema.org","@graph":[{"@type":"Article","@id":"https:\/\/revertia.com\/es\/aprobado-el-plan-para-descarbonizar-espana-y-lograr-la-neutralidad-climatica-en-2050\/#article","isPartOf":{"@id":"https:\/\/revertia.com\/es\/aprobado-el-plan-para-descarbonizar-espana-y-lograr-la-neutralidad-climatica-en-2050\/"},"author":{"name":"revertia","@id":"https:\/\/revertia.com\/es\/#\/schema\/person\/940195d5ab9083cd7288a1c686485b0f"},"headline":"Aprobado el plan para descarbonizar Espa\u00f1a y lograr la neutralidad clim\u00e1tica en 2050","datePublished":"2020-11-04T09:04:39+00:00","dateModified":"2020-11-04T09:04:39+00:00","mainEntityOfPage":{"@id":"https:\/\/revertia.com\/es\/aprobado-el-plan-para-descarbonizar-espana-y-lograr-la-neutralidad-climatica-en-2050\/"},"wordCount":346,"publisher":{"@id":"https:\/\/revertia.com\/es\/#organization"},"image":{"@id":"https:\/\/revertia.com\/es\/aprobado-el-plan-para-descarbonizar-espana-y-lograr-la-neutralidad-climatica-en-2050\/#primaryimage"},"thumbnailUrl":"https:\/\/revertia.com\/wp-content\/uploads\/2020\/11\/Descarbonizaci\u00f3n-2050_2.jpg","inLanguage":"es"},{"@type":"WebPage","@id":"https:\/\/revertia.com\/es\/aprobado-el-plan-para-descarbonizar-espana-y-lograr-la-neutralidad-climatica-en-2050\/","url":"https:\/\/revertia.com\/es\/aprobado-el-plan-para-descarbonizar-espana-y-lograr-la-neutralidad-climatica-en-2050\/","name":"[:es]Aprobado el plan para descarbonizar Espa\u00f1a y lograr la neutralidad clim\u00e1tica en 2050[:] - Revertia","isPartOf":{"@id":"https:\/\/revertia.com\/es\/#website"},"primaryImageOfPage":{"@id":"https:\/\/revertia.com\/es\/aprobado-el-plan-para-descarbonizar-espana-y-lograr-la-neutralidad-climatica-en-2050\/#primaryimage"},"image":{"@id":"https:\/\/revertia.com\/es\/aprobado-el-plan-para-descarbonizar-espana-y-lograr-la-neutralidad-climatica-en-2050\/#primaryimage"},"thumbnailUrl":"https:\/\/revertia.com\/wp-content\/uploads\/2020\/11\/Descarbonizaci\u00f3n-2050_2.jpg","datePublished":"2020-11-04T09:04:39+00:00","dateModified":"2020-11-04T09:04:39+00:00","breadcrumb":{"@id":"https:\/\/revertia.com\/es\/aprobado-el-plan-para-descarbonizar-espana-y-lograr-la-neutralidad-climatica-en-2050\/#breadcrumb"},"inLanguage":"es","potentialAction":[{"@type":"ReadAction","target":["https:\/\/revertia.com\/es\/aprobado-el-plan-para-descarbonizar-espana-y-lograr-la-neutralidad-climatica-en-2050\/"]}]},{"@type":"ImageObject","inLanguage":"es","@id":"https:\/\/revertia.com\/es\/aprobado-el-plan-para-descarbonizar-espana-y-lograr-la-neutralidad-climatica-en-2050\/#primaryimage","url":"https:\/\/revertia.com\/wp-content\/uploads\/2020\/11\/Descarbonizaci\u00f3n-2050_2.jpg","contentUrl":"https:\/\/revertia.com\/wp-content\/uploads\/2020\/11\/Descarbonizaci\u00f3n-2050_2.jpg","width":663,"height":389},{"@type":"BreadcrumbList","@id":"https:\/\/revertia.com\/es\/aprobado-el-plan-para-descarbonizar-espana-y-lograr-la-neutralidad-climatica-en-2050\/#breadcrumb","itemListElement":[{"@type":"ListItem","position":1,"name":"Portada","item":"https:\/\/revertia.com\/"},{"@type":"ListItem","position":2,"name":"Aprobado el plan para descarbonizar Espa\u00f1a y lograr la neutralidad clim\u00e1tica en 2050"}]},{"@type":"WebSite","@id":"https:\/\/revertia.com\/es\/#website","url":"https:\/\/revertia.com\/es\/","name":"Revertia","description":"","publisher":{"@id":"https:\/\/revertia.com\/es\/#organization"},"potentialAction":[{"@type":"SearchAction","target":{"@type":"EntryPoint","urlTemplate":"https:\/\/revertia.com\/es\/?s={search_term_string}"},"query-input":"required name=search_term_string"}],"inLanguage":"es"},{"@type":"Organization","@id":"https:\/\/revertia.com\/es\/#organization","name":"Revertia","url":"https:\/\/revertia.com\/es\/","logo":{"@type":"ImageObject","inLanguage":"es","@id":"https:\/\/revertia.com\/es\/#\/schema\/logo\/image\/","url":"https:\/\/revertia.com\/wp-content\/uploads\/2018\/08\/logo-revertia.png","contentUrl":"https:\/\/revertia.com\/wp-content\/uploads\/2018\/08\/logo-revertia.png","width":199,"height":38,"caption":"Revertia"},"image":{"@id":"https:\/\/revertia.com\/es\/#\/schema\/logo\/image\/"},"sameAs":["https:\/\/www.facebook.com\/revertiaresiduos\/","https:\/\/x.com\/revertia","https:\/\/www.linkedin.com\/company\/revertia","https:\/\/www.youtube.com\/user\/revertia"]},{"@type":"Person","@id":"https:\/\/revertia.com\/es\/#\/schema\/person\/940195d5ab9083cd7288a1c686485b0f","name":"revertia","image":{"@type":"ImageObject","inLanguage":"es","@id":"https:\/\/revertia.com\/es\/#\/schema\/person\/image\/","url":"https:\/\/secure.gravatar.com\/avatar\/f0d4228f0378f96589aacc7ae76749a6?s=96&d=mm&r=g","contentUrl":"https:\/\/secure.gravatar.com\/avatar\/f0d4228f0378f96589aacc7ae76749a6?s=96&d=mm&r=g","caption":"revertia"}}]}},"_links":{"self":[{"href":"https:\/\/revertia.com\/es\/wp-json\/wp\/v2\/posts\/7793"}],"collection":[{"href":"https:\/\/revertia.com\/es\/wp-json\/wp\/v2\/posts"}],"about":[{"href":"https:\/\/revertia.com\/es\/wp-json\/wp\/v2\/types\/post"}],"author":[{"embeddable":true,"href":"https:\/\/revertia.com\/es\/wp-json\/wp\/v2\/users\/3"}],"replies":[{"embeddable":true,"href":"https:\/\/revertia.com\/es\/wp-json\/wp\/v2\/comments?post=7793"}],"version-history":[{"count":4,"href":"https:\/\/revertia.com\/es\/wp-json\/wp\/v2\/posts\/7793\/revisions"}],"predecessor-version":[{"id":7799,"href":"https:\/\/revertia.com\/es\/wp-json\/wp\/v2\/posts\/7793\/revisions\/7799"}],"wp:featuredmedia":[{"embeddable":true,"href":"https:\/\/revertia.com\/es\/wp-json\/wp\/v2\/media\/7797"}],"wp:attachment":[{"href":"https:\/\/revertia.com\/es\/wp-json\/wp\/v2\/media?parent=7793"}],"wp:term":[{"taxonomy":"category","embeddable":true,"href":"https:\/\/revertia.com\/es\/wp-json\/wp\/v2\/categories?post=7793"},{"taxonomy":"post_tag","embeddable":true,"href":"https:\/\/revertia.com\/es\/wp-json\/wp\/v2\/tags?post=7793"}],"curies":[{"name":"wp","href":"https:\/\/api.w.org\/{rel}","templated":true}]}}