{"id":7150,"date":"2020-01-08T18:16:38","date_gmt":"2020-01-08T17:16:38","guid":{"rendered":"https:\/\/revertia.com\/?p=7150"},"modified":"2020-01-08T18:20:50","modified_gmt":"2020-01-08T17:20:50","slug":"presentacion-de-la-estrategia-gallega-de-economia-circular","status":"publish","type":"post","link":"https:\/\/revertia.com\/es\/presentacion-de-la-estrategia-gallega-de-economia-circular\/","title":{"rendered":"Presentaci\u00f3n de la Estrategia Gallega de Econom\u00eda Circular"},"content":{"rendered":"<p><img loading=\"lazy\" decoding=\"async\" class=\"wp-image-7155 alignleft\" src=\"https:\/\/revertia.com\/wp-content\/uploads\/2020\/01\/Estrategia-gallega-econom\u00eda-circular.jpg\" alt=\"\" width=\"401\" height=\"145\" srcset=\"https:\/\/revertia.com\/wp-content\/uploads\/2020\/01\/Estrategia-gallega-econom\u00eda-circular.jpg 712w, https:\/\/revertia.com\/wp-content\/uploads\/2020\/01\/Estrategia-gallega-econom\u00eda-circular-300x108.jpg 300w, https:\/\/revertia.com\/wp-content\/uploads\/2020\/01\/Estrategia-gallega-econom\u00eda-circular-640x231.jpg 640w\" sizes=\"(max-width: 401px) 100vw, 401px\" \/>El pasado mes de diciembre se present\u00f3 la <a href=\"https:\/\/ficheiros-web.xunta.gal\/transparencia\/informacion-publica\/EGEC_cas.pdf\">Estrategia Gallega de Econom\u00eda Circular 2020 \u2013 2030<\/a> en la que se dieron a conocer las propuestas para abordar el tr\u00e1nsito de una econom\u00eda lineal a una circular buscando superar el viejo modelo de producir, usar y tirar, a trav\u00e9s de 8 ejes de actuaci\u00f3n.<\/p>\n<p>Con la puesta en marcha de esta Estrategia, el Gobierno gallego pretende prevenir el agotamiento de los recursos, cerrar los ciclos de la energ\u00eda y de los materiales y facilitar el desarrollo sostenible. Como punto de partida de la misma, la Administraci\u00f3n auton\u00f3mica tom\u00f3 en consideraci\u00f3n el Plan de Acci\u00f3n de la Uni\u00f3n Europea, en el que se recogen m\u00e1s de 50 medidas.<\/p>\n<p>En concreto, el dise\u00f1o de esta Estrategia se basa en ocho ejes de actuaci\u00f3n:<\/p>\n<ul>\n<li><strong>Ecodise\u00f1o<\/strong>, que permitir\u00e1 incrementar la eficiencia material y extender el ciclo de vida de un producto o servicio.<\/li>\n<li><strong>Actividades y modelos de servicio<\/strong>, que busca abrir nuevos modelos de negocio o impulsar definitivamente la sostenibilidad en nuestra sociedad, fomentando la cultura de la reparaci\u00f3n o el consumo de servicios en lugar de productos.<\/li>\n<li><strong>Educaci\u00f3n y sensibilizaci\u00f3n<\/strong>, como factor clave para conseguir los cambios necesarios en el modelo de producir y consumir.<\/li>\n<li><strong>Industria eficiente<\/strong>, para lo cual es preciso un escenario normativo adaptado al nuevo contexto que estimule la ecolog\u00eda industrial. Se elaborar\u00e1 un plan de ayudas para promover modelos de negocio circulares.<\/li>\n<li><strong>Producci\u00f3n de alimentos<\/strong>, con el reto de generar una bioeconom\u00eda que sea capaz de producir alimentos de m\u00e1s calidad con menor impacto negativo sobre el entorno.<\/li>\n<li><strong>Urbanismo, edificaci\u00f3n y obra p\u00fablica<\/strong>, apostando por asentamientos m\u00e1s sostenibles.<\/li>\n<li><strong>Gesti\u00f3n del ciclo de vida del agua<\/strong>, que busca modernizar y mejorar el ciclo del agua y potenciar proyectos para la reutilizaci\u00f3n de las aguas residuales.<\/li>\n<li><strong>Gesti\u00f3n de residuos<\/strong>, con el objetivo de promover la reutilizaci\u00f3n como la mejor de las opciones de tratamiento.<\/li>\n<\/ul>\n<p>Por \u00faltimo, se indic\u00f3 que para la consecuci\u00f3n de los objetivos de esta Estrategia es necesario movilizar cerca de 890 millones de euros.<\/p>","protected":false},"excerpt":{"rendered":"<p>El pasado mes de diciembre se present\u00f3 la Estrategia Gallega de Econom\u00eda Circular 2020 \u2013 2030 en la que se dieron a conocer las propuestas para abordar el tr\u00e1nsito de una econom\u00eda lineal a una circular buscando superar el viejo modelo de producir, usar y tirar, a trav\u00e9s de 8 ejes de actuaci\u00f3n. Con la [&hellip;]<\/p>\n","protected":false},"author":3,"featured_media":7164,"comment_status":"closed","ping_status":"closed","sticky":false,"template":"","format":"standard","meta":{"_acf_changed":false,"inline_featured_image":false,"footnotes":""},"categories":[3],"tags":[],"acf":[],"yoast_head":"<!-- This site is optimized with the Yoast SEO plugin v22.8 - https:\/\/yoast.com\/wordpress\/plugins\/seo\/ -->\n<title>Presentaci\u00f3n de la Estrategia Gallega de Econom\u00eda Circular  - Revertia<\/title>\n<meta name=\"robots\" content=\"index, follow, max-snippet:-1, max-image-preview:large, max-video-preview:-1\" \/>\n<link rel=\"canonical\" href=\"https:\/\/revertia.com\/es\/presentacion-de-la-estrategia-gallega-de-economia-circular\/\" \/>\n<meta property=\"og:locale\" content=\"es_ES\" \/>\n<meta property=\"og:type\" content=\"article\" \/>\n<meta property=\"og:title\" content=\"[:es]Presentaci\u00f3n de la Estrategia Gallega de Econom\u00eda Circular [:] - Revertia\" \/>\n<meta property=\"og:description\" content=\"El pasado mes de diciembre se present\u00f3 la Estrategia Gallega de Econom\u00eda Circular 2020 \u2013 2030 en la que se dieron a conocer las propuestas para abordar el tr\u00e1nsito de una econom\u00eda lineal a una circular buscando superar el viejo modelo de producir, usar y tirar, a trav\u00e9s de 8 ejes de actuaci\u00f3n. Con la [&hellip;]\" \/>\n<meta property=\"og:url\" content=\"https:\/\/revertia.com\/es\/presentacion-de-la-estrategia-gallega-de-economia-circular\/\" \/>\n<meta property=\"og:site_name\" content=\"Revertia\" \/>\n<meta property=\"article:publisher\" content=\"https:\/\/www.facebook.com\/revertiaresiduos\/\" \/>\n<meta property=\"article:published_time\" content=\"2020-01-08T17:16:38+00:00\" \/>\n<meta property=\"article:modified_time\" content=\"2020-01-08T17:20:50+00:00\" \/>\n<meta property=\"og:image\" content=\"https:\/\/revertia.com\/wp-content\/uploads\/2020\/01\/Estrategia-gallega-econom\u00eda-circular4.jpg\" \/>\n\t<meta property=\"og:image:width\" content=\"807\" \/>\n\t<meta property=\"og:image:height\" content=\"361\" \/>\n\t<meta property=\"og:image:type\" content=\"image\/jpeg\" \/>\n<meta name=\"author\" content=\"revertia\" \/>\n<meta name=\"twitter:card\" content=\"summary_large_image\" \/>\n<meta name=\"twitter:creator\" content=\"@revertia\" \/>\n<meta name=\"twitter:site\" content=\"@revertia\" \/>\n<meta name=\"twitter:label1\" content=\"Escrito por\" \/>\n\t<meta name=\"twitter:data1\" content=\"revertia\" \/>\n\t<meta name=\"twitter:label2\" content=\"Tiempo de lectura\" \/>\n\t<meta name=\"twitter:data2\" content=\"2 minutos\" \/>\n<script type=\"application\/ld+json\" class=\"yoast-schema-graph\">{\"@context\":\"https:\/\/schema.org\",\"@graph\":[{\"@type\":\"Article\",\"@id\":\"https:\/\/revertia.com\/es\/presentacion-de-la-estrategia-gallega-de-economia-circular\/#article\",\"isPartOf\":{\"@id\":\"https:\/\/revertia.com\/es\/presentacion-de-la-estrategia-gallega-de-economia-circular\/\"},\"author\":{\"name\":\"revertia\",\"@id\":\"https:\/\/revertia.com\/es\/#\/schema\/person\/940195d5ab9083cd7288a1c686485b0f\"},\"headline\":\"Presentaci\u00f3n de la Estrategia Gallega de Econom\u00eda Circular\",\"datePublished\":\"2020-01-08T17:16:38+00:00\",\"dateModified\":\"2020-01-08T17:20:50+00:00\",\"mainEntityOfPage\":{\"@id\":\"https:\/\/revertia.com\/es\/presentacion-de-la-estrategia-gallega-de-economia-circular\/\"},\"wordCount\":371,\"publisher\":{\"@id\":\"https:\/\/revertia.com\/es\/#organization\"},\"image\":{\"@id\":\"https:\/\/revertia.com\/es\/presentacion-de-la-estrategia-gallega-de-economia-circular\/#primaryimage\"},\"thumbnailUrl\":\"https:\/\/revertia.com\/wp-content\/uploads\/2020\/01\/Estrategia-gallega-econom\u00eda-circular4.jpg\",\"articleSection\":[\"Noticias\"],\"inLanguage\":\"es\"},{\"@type\":\"WebPage\",\"@id\":\"https:\/\/revertia.com\/es\/presentacion-de-la-estrategia-gallega-de-economia-circular\/\",\"url\":\"https:\/\/revertia.com\/es\/presentacion-de-la-estrategia-gallega-de-economia-circular\/\",\"name\":\"[:es]Presentaci\u00f3n de la Estrategia Gallega de Econom\u00eda Circular [:] - Revertia\",\"isPartOf\":{\"@id\":\"https:\/\/revertia.com\/es\/#website\"},\"primaryImageOfPage\":{\"@id\":\"https:\/\/revertia.com\/es\/presentacion-de-la-estrategia-gallega-de-economia-circular\/#primaryimage\"},\"image\":{\"@id\":\"https:\/\/revertia.com\/es\/presentacion-de-la-estrategia-gallega-de-economia-circular\/#primaryimage\"},\"thumbnailUrl\":\"https:\/\/revertia.com\/wp-content\/uploads\/2020\/01\/Estrategia-gallega-econom\u00eda-circular4.jpg\",\"datePublished\":\"2020-01-08T17:16:38+00:00\",\"dateModified\":\"2020-01-08T17:20:50+00:00\",\"breadcrumb\":{\"@id\":\"https:\/\/revertia.com\/es\/presentacion-de-la-estrategia-gallega-de-economia-circular\/#breadcrumb\"},\"inLanguage\":\"es\",\"potentialAction\":[{\"@type\":\"ReadAction\",\"target\":[\"https:\/\/revertia.com\/es\/presentacion-de-la-estrategia-gallega-de-economia-circular\/\"]}]},{\"@type\":\"ImageObject\",\"inLanguage\":\"es\",\"@id\":\"https:\/\/revertia.com\/es\/presentacion-de-la-estrategia-gallega-de-economia-circular\/#primaryimage\",\"url\":\"https:\/\/revertia.com\/wp-content\/uploads\/2020\/01\/Estrategia-gallega-econom\u00eda-circular4.jpg\",\"contentUrl\":\"https:\/\/revertia.com\/wp-content\/uploads\/2020\/01\/Estrategia-gallega-econom\u00eda-circular4.jpg\",\"width\":807,\"height\":361},{\"@type\":\"BreadcrumbList\",\"@id\":\"https:\/\/revertia.com\/es\/presentacion-de-la-estrategia-gallega-de-economia-circular\/#breadcrumb\",\"itemListElement\":[{\"@type\":\"ListItem\",\"position\":1,\"name\":\"Portada\",\"item\":\"https:\/\/revertia.com\/\"},{\"@type\":\"ListItem\",\"position\":2,\"name\":\"Presentaci\u00f3n de la Estrategia Gallega de Econom\u00eda Circular\"}]},{\"@type\":\"WebSite\",\"@id\":\"https:\/\/revertia.com\/es\/#website\",\"url\":\"https:\/\/revertia.com\/es\/\",\"name\":\"Revertia\",\"description\":\"\",\"publisher\":{\"@id\":\"https:\/\/revertia.com\/es\/#organization\"},\"potentialAction\":[{\"@type\":\"SearchAction\",\"target\":{\"@type\":\"EntryPoint\",\"urlTemplate\":\"https:\/\/revertia.com\/es\/?s={search_term_string}\"},\"query-input\":\"required name=search_term_string\"}],\"inLanguage\":\"es\"},{\"@type\":\"Organization\",\"@id\":\"https:\/\/revertia.com\/es\/#organization\",\"name\":\"Revertia\",\"url\":\"https:\/\/revertia.com\/es\/\",\"logo\":{\"@type\":\"ImageObject\",\"inLanguage\":\"es\",\"@id\":\"https:\/\/revertia.com\/es\/#\/schema\/logo\/image\/\",\"url\":\"https:\/\/revertia.com\/wp-content\/uploads\/2018\/08\/logo-revertia.png\",\"contentUrl\":\"https:\/\/revertia.com\/wp-content\/uploads\/2018\/08\/logo-revertia.png\",\"width\":199,\"height\":38,\"caption\":\"Revertia\"},\"image\":{\"@id\":\"https:\/\/revertia.com\/es\/#\/schema\/logo\/image\/\"},\"sameAs\":[\"https:\/\/www.facebook.com\/revertiaresiduos\/\",\"https:\/\/x.com\/revertia\",\"https:\/\/www.linkedin.com\/company\/revertia\",\"https:\/\/www.youtube.com\/user\/revertia\"]},{\"@type\":\"Person\",\"@id\":\"https:\/\/revertia.com\/es\/#\/schema\/person\/940195d5ab9083cd7288a1c686485b0f\",\"name\":\"revertia\",\"image\":{\"@type\":\"ImageObject\",\"inLanguage\":\"es\",\"@id\":\"https:\/\/revertia.com\/es\/#\/schema\/person\/image\/\",\"url\":\"https:\/\/secure.gravatar.com\/avatar\/f0d4228f0378f96589aacc7ae76749a6?s=96&d=mm&r=g\",\"contentUrl\":\"https:\/\/secure.gravatar.com\/avatar\/f0d4228f0378f96589aacc7ae76749a6?s=96&d=mm&r=g\",\"caption\":\"revertia\"}}]}<\/script>\n<!-- \/ Yoast SEO plugin. -->","yoast_head_json":{"title":"[:es]Presentaci\u00f3n de la Estrategia Gallega de Econom\u00eda Circular [:] - Revertia","robots":{"index":"index","follow":"follow","max-snippet":"max-snippet:-1","max-image-preview":"max-image-preview:large","max-video-preview":"max-video-preview:-1"},"canonical":"https:\/\/revertia.com\/es\/presentacion-de-la-estrategia-gallega-de-economia-circular\/","og_locale":"es_ES","og_type":"article","og_title":"[:es]Presentaci\u00f3n de la Estrategia Gallega de Econom\u00eda Circular [:] - Revertia","og_description":"El pasado mes de diciembre se present\u00f3 la Estrategia Gallega de Econom\u00eda Circular 2020 \u2013 2030 en la que se dieron a conocer las propuestas para abordar el tr\u00e1nsito de una econom\u00eda lineal a una circular buscando superar el viejo modelo de producir, usar y tirar, a trav\u00e9s de 8 ejes de actuaci\u00f3n. Con la [&hellip;]","og_url":"https:\/\/revertia.com\/es\/presentacion-de-la-estrategia-gallega-de-economia-circular\/","og_site_name":"Revertia","article_publisher":"https:\/\/www.facebook.com\/revertiaresiduos\/","article_published_time":"2020-01-08T17:16:38+00:00","article_modified_time":"2020-01-08T17:20:50+00:00","og_image":[{"width":807,"height":361,"url":"https:\/\/revertia.com\/wp-content\/uploads\/2020\/01\/Estrategia-gallega-econom\u00eda-circular4.jpg","type":"image\/jpeg"}],"author":"revertia","twitter_card":"summary_large_image","twitter_creator":"@revertia","twitter_site":"@revertia","twitter_misc":{"Escrito por":"revertia","Tiempo de lectura":"2 minutos"},"schema":{"@context":"https:\/\/schema.org","@graph":[{"@type":"Article","@id":"https:\/\/revertia.com\/es\/presentacion-de-la-estrategia-gallega-de-economia-circular\/#article","isPartOf":{"@id":"https:\/\/revertia.com\/es\/presentacion-de-la-estrategia-gallega-de-economia-circular\/"},"author":{"name":"revertia","@id":"https:\/\/revertia.com\/es\/#\/schema\/person\/940195d5ab9083cd7288a1c686485b0f"},"headline":"Presentaci\u00f3n de la Estrategia Gallega de Econom\u00eda Circular","datePublished":"2020-01-08T17:16:38+00:00","dateModified":"2020-01-08T17:20:50+00:00","mainEntityOfPage":{"@id":"https:\/\/revertia.com\/es\/presentacion-de-la-estrategia-gallega-de-economia-circular\/"},"wordCount":371,"publisher":{"@id":"https:\/\/revertia.com\/es\/#organization"},"image":{"@id":"https:\/\/revertia.com\/es\/presentacion-de-la-estrategia-gallega-de-economia-circular\/#primaryimage"},"thumbnailUrl":"https:\/\/revertia.com\/wp-content\/uploads\/2020\/01\/Estrategia-gallega-econom\u00eda-circular4.jpg","articleSection":["Noticias"],"inLanguage":"es"},{"@type":"WebPage","@id":"https:\/\/revertia.com\/es\/presentacion-de-la-estrategia-gallega-de-economia-circular\/","url":"https:\/\/revertia.com\/es\/presentacion-de-la-estrategia-gallega-de-economia-circular\/","name":"[:es]Presentaci\u00f3n de la Estrategia Gallega de Econom\u00eda Circular [:] - Revertia","isPartOf":{"@id":"https:\/\/revertia.com\/es\/#website"},"primaryImageOfPage":{"@id":"https:\/\/revertia.com\/es\/presentacion-de-la-estrategia-gallega-de-economia-circular\/#primaryimage"},"image":{"@id":"https:\/\/revertia.com\/es\/presentacion-de-la-estrategia-gallega-de-economia-circular\/#primaryimage"},"thumbnailUrl":"https:\/\/revertia.com\/wp-content\/uploads\/2020\/01\/Estrategia-gallega-econom\u00eda-circular4.jpg","datePublished":"2020-01-08T17:16:38+00:00","dateModified":"2020-01-08T17:20:50+00:00","breadcrumb":{"@id":"https:\/\/revertia.com\/es\/presentacion-de-la-estrategia-gallega-de-economia-circular\/#breadcrumb"},"inLanguage":"es","potentialAction":[{"@type":"ReadAction","target":["https:\/\/revertia.com\/es\/presentacion-de-la-estrategia-gallega-de-economia-circular\/"]}]},{"@type":"ImageObject","inLanguage":"es","@id":"https:\/\/revertia.com\/es\/presentacion-de-la-estrategia-gallega-de-economia-circular\/#primaryimage","url":"https:\/\/revertia.com\/wp-content\/uploads\/2020\/01\/Estrategia-gallega-econom\u00eda-circular4.jpg","contentUrl":"https:\/\/revertia.com\/wp-content\/uploads\/2020\/01\/Estrategia-gallega-econom\u00eda-circular4.jpg","width":807,"height":361},{"@type":"BreadcrumbList","@id":"https:\/\/revertia.com\/es\/presentacion-de-la-estrategia-gallega-de-economia-circular\/#breadcrumb","itemListElement":[{"@type":"ListItem","position":1,"name":"Portada","item":"https:\/\/revertia.com\/"},{"@type":"ListItem","position":2,"name":"Presentaci\u00f3n de la Estrategia Gallega de Econom\u00eda Circular"}]},{"@type":"WebSite","@id":"https:\/\/revertia.com\/es\/#website","url":"https:\/\/revertia.com\/es\/","name":"Revertia","description":"","publisher":{"@id":"https:\/\/revertia.com\/es\/#organization"},"potentialAction":[{"@type":"SearchAction","target":{"@type":"EntryPoint","urlTemplate":"https:\/\/revertia.com\/es\/?s={search_term_string}"},"query-input":"required name=search_term_string"}],"inLanguage":"es"},{"@type":"Organization","@id":"https:\/\/revertia.com\/es\/#organization","name":"Revertia","url":"https:\/\/revertia.com\/es\/","logo":{"@type":"ImageObject","inLanguage":"es","@id":"https:\/\/revertia.com\/es\/#\/schema\/logo\/image\/","url":"https:\/\/revertia.com\/wp-content\/uploads\/2018\/08\/logo-revertia.png","contentUrl":"https:\/\/revertia.com\/wp-content\/uploads\/2018\/08\/logo-revertia.png","width":199,"height":38,"caption":"Revertia"},"image":{"@id":"https:\/\/revertia.com\/es\/#\/schema\/logo\/image\/"},"sameAs":["https:\/\/www.facebook.com\/revertiaresiduos\/","https:\/\/x.com\/revertia","https:\/\/www.linkedin.com\/company\/revertia","https:\/\/www.youtube.com\/user\/revertia"]},{"@type":"Person","@id":"https:\/\/revertia.com\/es\/#\/schema\/person\/940195d5ab9083cd7288a1c686485b0f","name":"revertia","image":{"@type":"ImageObject","inLanguage":"es","@id":"https:\/\/revertia.com\/es\/#\/schema\/person\/image\/","url":"https:\/\/secure.gravatar.com\/avatar\/f0d4228f0378f96589aacc7ae76749a6?s=96&d=mm&r=g","contentUrl":"https:\/\/secure.gravatar.com\/avatar\/f0d4228f0378f96589aacc7ae76749a6?s=96&d=mm&r=g","caption":"revertia"}}]}},"_links":{"self":[{"href":"https:\/\/revertia.com\/es\/wp-json\/wp\/v2\/posts\/7150"}],"collection":[{"href":"https:\/\/revertia.com\/es\/wp-json\/wp\/v2\/posts"}],"about":[{"href":"https:\/\/revertia.com\/es\/wp-json\/wp\/v2\/types\/post"}],"author":[{"embeddable":true,"href":"https:\/\/revertia.com\/es\/wp-json\/wp\/v2\/users\/3"}],"replies":[{"embeddable":true,"href":"https:\/\/revertia.com\/es\/wp-json\/wp\/v2\/comments?post=7150"}],"version-history":[{"count":8,"href":"https:\/\/revertia.com\/es\/wp-json\/wp\/v2\/posts\/7150\/revisions"}],"predecessor-version":[{"id":7160,"href":"https:\/\/revertia.com\/es\/wp-json\/wp\/v2\/posts\/7150\/revisions\/7160"}],"wp:featuredmedia":[{"embeddable":true,"href":"https:\/\/revertia.com\/es\/wp-json\/wp\/v2\/media\/7164"}],"wp:attachment":[{"href":"https:\/\/revertia.com\/es\/wp-json\/wp\/v2\/media?parent=7150"}],"wp:term":[{"taxonomy":"category","embeddable":true,"href":"https:\/\/revertia.com\/es\/wp-json\/wp\/v2\/categories?post=7150"},{"taxonomy":"post_tag","embeddable":true,"href":"https:\/\/revertia.com\/es\/wp-json\/wp\/v2\/tags?post=7150"}],"curies":[{"name":"wp","href":"https:\/\/api.w.org\/{rel}","templated":true}]}}