{"id":6663,"date":"2019-02-11T11:20:59","date_gmt":"2019-02-11T10:20:59","guid":{"rendered":"https:\/\/revertia.com\/?p=6663"},"modified":"2019-02-11T11:37:33","modified_gmt":"2019-02-11T10:37:33","slug":"participacion-de-revertia-en-las-jornadas-sobre-modelos-de-negocio-circulares","status":"publish","type":"post","link":"https:\/\/revertia.com\/es\/participacion-de-revertia-en-las-jornadas-sobre-modelos-de-negocio-circulares\/","title":{"rendered":"Participaci\u00f3n de revertia en las Jornadas sobre Modelos de Negocio Circulares"},"content":{"rendered":"<p><img loading=\"lazy\" decoding=\"async\" class=\"alignleft wp-image-6665\" src=\"https:\/\/revertia.com\/wp-content\/uploads\/2019\/02\/Logo.gif\" alt=\"\" width=\"389\" height=\"88\" \/>En el marco del proyecto r2pi en el que revertia particip\u00f3 como caso de estudio de modelo de negocio circular, <span class=\"tlid-translation translation\" tabindex=\"-1\"><span title=\"\">CSR Europe, red\u00a0de negocios l\u00edder en Europa para la Responsabilidad Social Corporativa, organiza dos talleres orientados tanto a negocios como a pol\u00edticas en el marco de una econom\u00eda circular, que tendr\u00e1n lugar los pr\u00f3ximos d\u00edas 12 y 13 de febrero\u00a0en Bruselas.<\/span><\/span><\/p>\n<div class=\"result-shield-container tlid-copy-target\"><span class=\"tlid-translation translation\"><span title=\"\">Durante las dos jornadas se recopilar\u00e1 informaci\u00f3n\u00a0de las <span class=\"tlid-translation translation\"><span title=\"\">diferentes partes interesadas sobre lo que las empresas necesitan para apoyar su transici\u00f3n hacia una econom\u00eda circular, siendo los\u00a0<\/span><span title=\"\">objetivos:<br \/>\n<\/span><\/span><\/span><\/span><\/div>\n<div class=\"result-shield-container tlid-copy-target\"><\/div>\n<p>&#8211; Por un lado,\u00a0p<span title=\"\">roporcionar mejores pr\u00e1cticas\u00a0y lecciones de las empresas que ya est\u00e1n implementando modelos de negocios circulares aportando <\/span><span title=\"\">herramientas \u00fatiles para los interesados y,<br \/>\n<\/span><\/p>\n<div class=\"result-shield-container tlid-copy-target\"><span class=\"tlid-translation translation\"><span title=\"\"><span class=\"tlid-translation translation\"><span title=\"\">&#8211; Por otro, discutir los requisitos de pol\u00edticas clave necesarios para promover la adopci\u00f3n generalizada de modelos de negocios de econom\u00eda circular en Europa haciendo posible que los responsables pol\u00edticos\u00a0creen medidas efectivas para facilitar la transici\u00f3n hacia la circularidad. <\/span><\/span><\/span><\/span><\/div>\n<div><\/div>\n<div class=\"result-shield-container tlid-copy-target\">Los 18 casos de estudio elegidos en el marco de este proyecto\u00a0cubren las cinco \u00e1reas prioritarias destacadas en el Plan de Acci\u00f3n de la UE sobre la Econom\u00eda Circular, entre ellas la relativa a los residuos de aparatos el\u00e9ctricos y electr\u00f3nicos. Revertia fue elegida como caso de estudio debido a su papel en el sector de los RAEE como un pionero en Espa\u00f1a en la\u00a0preparaci\u00f3n para\u00a0la reutilizaci\u00f3n.<\/div>\n<p><\/p>","protected":false},"excerpt":{"rendered":"<p>En el marco del proyecto r2pi en el que revertia particip\u00f3 como caso de estudio de modelo de negocio circular, CSR Europe, red\u00a0de negocios l\u00edder en Europa para la Responsabilidad Social Corporativa, organiza dos talleres orientados tanto a negocios como a pol\u00edticas en el marco de una econom\u00eda circular, que tendr\u00e1n lugar los pr\u00f3ximos d\u00edas [&hellip;]<\/p>\n","protected":false},"author":3,"featured_media":6686,"comment_status":"closed","ping_status":"closed","sticky":false,"template":"","format":"standard","meta":{"_acf_changed":false,"inline_featured_image":false,"footnotes":""},"categories":[4,3],"tags":[],"acf":[],"yoast_head":"<!-- This site is optimized with the Yoast SEO plugin v22.8 - https:\/\/yoast.com\/wordpress\/plugins\/seo\/ -->\n<title>Participaci\u00f3n de revertia en las Jornadas sobre Modelos de Negocio Circulares  - Revertia<\/title>\n<meta name=\"robots\" content=\"index, follow, max-snippet:-1, max-image-preview:large, max-video-preview:-1\" \/>\n<link rel=\"canonical\" href=\"https:\/\/revertia.com\/es\/participacion-de-revertia-en-las-jornadas-sobre-modelos-de-negocio-circulares\/\" \/>\n<meta property=\"og:locale\" content=\"es_ES\" \/>\n<meta property=\"og:type\" content=\"article\" \/>\n<meta property=\"og:title\" content=\"[:es]Participaci\u00f3n de revertia en las Jornadas sobre Modelos de Negocio Circulares [:] - Revertia\" \/>\n<meta property=\"og:description\" content=\"En el marco del proyecto r2pi en el que revertia particip\u00f3 como caso de estudio de modelo de negocio circular, CSR Europe, red\u00a0de negocios l\u00edder en Europa para la Responsabilidad Social Corporativa, organiza dos talleres orientados tanto a negocios como a pol\u00edticas en el marco de una econom\u00eda circular, que tendr\u00e1n lugar los pr\u00f3ximos d\u00edas [&hellip;]\" \/>\n<meta property=\"og:url\" content=\"https:\/\/revertia.com\/es\/participacion-de-revertia-en-las-jornadas-sobre-modelos-de-negocio-circulares\/\" \/>\n<meta property=\"og:site_name\" content=\"Revertia\" \/>\n<meta property=\"article:publisher\" content=\"https:\/\/www.facebook.com\/revertiaresiduos\/\" \/>\n<meta property=\"article:published_time\" content=\"2019-02-11T10:20:59+00:00\" \/>\n<meta property=\"article:modified_time\" content=\"2019-02-11T10:37:33+00:00\" \/>\n<meta property=\"og:image\" content=\"https:\/\/revertia.com\/wp-content\/uploads\/2019\/02\/Proyecto-r2pi-II.jpg\" \/>\n\t<meta property=\"og:image:width\" content=\"1096\" \/>\n\t<meta property=\"og:image:height\" content=\"633\" \/>\n\t<meta property=\"og:image:type\" content=\"image\/jpeg\" \/>\n<meta name=\"author\" content=\"revertia\" \/>\n<meta name=\"twitter:card\" content=\"summary_large_image\" \/>\n<meta name=\"twitter:creator\" content=\"@revertia\" \/>\n<meta name=\"twitter:site\" content=\"@revertia\" \/>\n<meta name=\"twitter:label1\" content=\"Escrito por\" \/>\n\t<meta name=\"twitter:data1\" content=\"revertia\" \/>\n\t<meta name=\"twitter:label2\" content=\"Tiempo de lectura\" \/>\n\t<meta name=\"twitter:data2\" content=\"1 minuto\" \/>\n<script type=\"application\/ld+json\" class=\"yoast-schema-graph\">{\"@context\":\"https:\/\/schema.org\",\"@graph\":[{\"@type\":\"Article\",\"@id\":\"https:\/\/revertia.com\/es\/participacion-de-revertia-en-las-jornadas-sobre-modelos-de-negocio-circulares\/#article\",\"isPartOf\":{\"@id\":\"https:\/\/revertia.com\/es\/participacion-de-revertia-en-las-jornadas-sobre-modelos-de-negocio-circulares\/\"},\"author\":{\"name\":\"revertia\",\"@id\":\"https:\/\/revertia.com\/es\/#\/schema\/person\/940195d5ab9083cd7288a1c686485b0f\"},\"headline\":\"Participaci\u00f3n de revertia en las Jornadas sobre Modelos de Negocio Circulares\",\"datePublished\":\"2019-02-11T10:20:59+00:00\",\"dateModified\":\"2019-02-11T10:37:33+00:00\",\"mainEntityOfPage\":{\"@id\":\"https:\/\/revertia.com\/es\/participacion-de-revertia-en-las-jornadas-sobre-modelos-de-negocio-circulares\/\"},\"wordCount\":264,\"publisher\":{\"@id\":\"https:\/\/revertia.com\/es\/#organization\"},\"image\":{\"@id\":\"https:\/\/revertia.com\/es\/participacion-de-revertia-en-las-jornadas-sobre-modelos-de-negocio-circulares\/#primaryimage\"},\"thumbnailUrl\":\"https:\/\/revertia.com\/wp-content\/uploads\/2019\/02\/Proyecto-r2pi-II.jpg\",\"articleSection\":[\"Eventos\",\"Noticias\"],\"inLanguage\":\"es\"},{\"@type\":\"WebPage\",\"@id\":\"https:\/\/revertia.com\/es\/participacion-de-revertia-en-las-jornadas-sobre-modelos-de-negocio-circulares\/\",\"url\":\"https:\/\/revertia.com\/es\/participacion-de-revertia-en-las-jornadas-sobre-modelos-de-negocio-circulares\/\",\"name\":\"[:es]Participaci\u00f3n de revertia en las Jornadas sobre Modelos de Negocio Circulares [:] - Revertia\",\"isPartOf\":{\"@id\":\"https:\/\/revertia.com\/es\/#website\"},\"primaryImageOfPage\":{\"@id\":\"https:\/\/revertia.com\/es\/participacion-de-revertia-en-las-jornadas-sobre-modelos-de-negocio-circulares\/#primaryimage\"},\"image\":{\"@id\":\"https:\/\/revertia.com\/es\/participacion-de-revertia-en-las-jornadas-sobre-modelos-de-negocio-circulares\/#primaryimage\"},\"thumbnailUrl\":\"https:\/\/revertia.com\/wp-content\/uploads\/2019\/02\/Proyecto-r2pi-II.jpg\",\"datePublished\":\"2019-02-11T10:20:59+00:00\",\"dateModified\":\"2019-02-11T10:37:33+00:00\",\"breadcrumb\":{\"@id\":\"https:\/\/revertia.com\/es\/participacion-de-revertia-en-las-jornadas-sobre-modelos-de-negocio-circulares\/#breadcrumb\"},\"inLanguage\":\"es\",\"potentialAction\":[{\"@type\":\"ReadAction\",\"target\":[\"https:\/\/revertia.com\/es\/participacion-de-revertia-en-las-jornadas-sobre-modelos-de-negocio-circulares\/\"]}]},{\"@type\":\"ImageObject\",\"inLanguage\":\"es\",\"@id\":\"https:\/\/revertia.com\/es\/participacion-de-revertia-en-las-jornadas-sobre-modelos-de-negocio-circulares\/#primaryimage\",\"url\":\"https:\/\/revertia.com\/wp-content\/uploads\/2019\/02\/Proyecto-r2pi-II.jpg\",\"contentUrl\":\"https:\/\/revertia.com\/wp-content\/uploads\/2019\/02\/Proyecto-r2pi-II.jpg\",\"width\":1096,\"height\":633},{\"@type\":\"BreadcrumbList\",\"@id\":\"https:\/\/revertia.com\/es\/participacion-de-revertia-en-las-jornadas-sobre-modelos-de-negocio-circulares\/#breadcrumb\",\"itemListElement\":[{\"@type\":\"ListItem\",\"position\":1,\"name\":\"Portada\",\"item\":\"https:\/\/revertia.com\/\"},{\"@type\":\"ListItem\",\"position\":2,\"name\":\"Participaci\u00f3n de revertia en las Jornadas sobre Modelos de Negocio Circulares\"}]},{\"@type\":\"WebSite\",\"@id\":\"https:\/\/revertia.com\/es\/#website\",\"url\":\"https:\/\/revertia.com\/es\/\",\"name\":\"Revertia\",\"description\":\"\",\"publisher\":{\"@id\":\"https:\/\/revertia.com\/es\/#organization\"},\"potentialAction\":[{\"@type\":\"SearchAction\",\"target\":{\"@type\":\"EntryPoint\",\"urlTemplate\":\"https:\/\/revertia.com\/es\/?s={search_term_string}\"},\"query-input\":\"required name=search_term_string\"}],\"inLanguage\":\"es\"},{\"@type\":\"Organization\",\"@id\":\"https:\/\/revertia.com\/es\/#organization\",\"name\":\"Revertia\",\"url\":\"https:\/\/revertia.com\/es\/\",\"logo\":{\"@type\":\"ImageObject\",\"inLanguage\":\"es\",\"@id\":\"https:\/\/revertia.com\/es\/#\/schema\/logo\/image\/\",\"url\":\"https:\/\/revertia.com\/wp-content\/uploads\/2018\/08\/logo-revertia.png\",\"contentUrl\":\"https:\/\/revertia.com\/wp-content\/uploads\/2018\/08\/logo-revertia.png\",\"width\":199,\"height\":38,\"caption\":\"Revertia\"},\"image\":{\"@id\":\"https:\/\/revertia.com\/es\/#\/schema\/logo\/image\/\"},\"sameAs\":[\"https:\/\/www.facebook.com\/revertiaresiduos\/\",\"https:\/\/x.com\/revertia\",\"https:\/\/www.linkedin.com\/company\/revertia\",\"https:\/\/www.youtube.com\/user\/revertia\"]},{\"@type\":\"Person\",\"@id\":\"https:\/\/revertia.com\/es\/#\/schema\/person\/940195d5ab9083cd7288a1c686485b0f\",\"name\":\"revertia\",\"image\":{\"@type\":\"ImageObject\",\"inLanguage\":\"es\",\"@id\":\"https:\/\/revertia.com\/es\/#\/schema\/person\/image\/\",\"url\":\"https:\/\/secure.gravatar.com\/avatar\/f0d4228f0378f96589aacc7ae76749a6?s=96&d=mm&r=g\",\"contentUrl\":\"https:\/\/secure.gravatar.com\/avatar\/f0d4228f0378f96589aacc7ae76749a6?s=96&d=mm&r=g\",\"caption\":\"revertia\"}}]}<\/script>\n<!-- \/ Yoast SEO plugin. -->","yoast_head_json":{"title":"[:es]Participaci\u00f3n de revertia en las Jornadas sobre Modelos de Negocio Circulares [:] - Revertia","robots":{"index":"index","follow":"follow","max-snippet":"max-snippet:-1","max-image-preview":"max-image-preview:large","max-video-preview":"max-video-preview:-1"},"canonical":"https:\/\/revertia.com\/es\/participacion-de-revertia-en-las-jornadas-sobre-modelos-de-negocio-circulares\/","og_locale":"es_ES","og_type":"article","og_title":"[:es]Participaci\u00f3n de revertia en las Jornadas sobre Modelos de Negocio Circulares [:] - Revertia","og_description":"En el marco del proyecto r2pi en el que revertia particip\u00f3 como caso de estudio de modelo de negocio circular, CSR Europe, red\u00a0de negocios l\u00edder en Europa para la Responsabilidad Social Corporativa, organiza dos talleres orientados tanto a negocios como a pol\u00edticas en el marco de una econom\u00eda circular, que tendr\u00e1n lugar los pr\u00f3ximos d\u00edas [&hellip;]","og_url":"https:\/\/revertia.com\/es\/participacion-de-revertia-en-las-jornadas-sobre-modelos-de-negocio-circulares\/","og_site_name":"Revertia","article_publisher":"https:\/\/www.facebook.com\/revertiaresiduos\/","article_published_time":"2019-02-11T10:20:59+00:00","article_modified_time":"2019-02-11T10:37:33+00:00","og_image":[{"width":1096,"height":633,"url":"https:\/\/revertia.com\/wp-content\/uploads\/2019\/02\/Proyecto-r2pi-II.jpg","type":"image\/jpeg"}],"author":"revertia","twitter_card":"summary_large_image","twitter_creator":"@revertia","twitter_site":"@revertia","twitter_misc":{"Escrito por":"revertia","Tiempo de lectura":"1 minuto"},"schema":{"@context":"https:\/\/schema.org","@graph":[{"@type":"Article","@id":"https:\/\/revertia.com\/es\/participacion-de-revertia-en-las-jornadas-sobre-modelos-de-negocio-circulares\/#article","isPartOf":{"@id":"https:\/\/revertia.com\/es\/participacion-de-revertia-en-las-jornadas-sobre-modelos-de-negocio-circulares\/"},"author":{"name":"revertia","@id":"https:\/\/revertia.com\/es\/#\/schema\/person\/940195d5ab9083cd7288a1c686485b0f"},"headline":"Participaci\u00f3n de revertia en las Jornadas sobre Modelos de Negocio Circulares","datePublished":"2019-02-11T10:20:59+00:00","dateModified":"2019-02-11T10:37:33+00:00","mainEntityOfPage":{"@id":"https:\/\/revertia.com\/es\/participacion-de-revertia-en-las-jornadas-sobre-modelos-de-negocio-circulares\/"},"wordCount":264,"publisher":{"@id":"https:\/\/revertia.com\/es\/#organization"},"image":{"@id":"https:\/\/revertia.com\/es\/participacion-de-revertia-en-las-jornadas-sobre-modelos-de-negocio-circulares\/#primaryimage"},"thumbnailUrl":"https:\/\/revertia.com\/wp-content\/uploads\/2019\/02\/Proyecto-r2pi-II.jpg","articleSection":["Eventos","Noticias"],"inLanguage":"es"},{"@type":"WebPage","@id":"https:\/\/revertia.com\/es\/participacion-de-revertia-en-las-jornadas-sobre-modelos-de-negocio-circulares\/","url":"https:\/\/revertia.com\/es\/participacion-de-revertia-en-las-jornadas-sobre-modelos-de-negocio-circulares\/","name":"[:es]Participaci\u00f3n de revertia en las Jornadas sobre Modelos de Negocio Circulares [:] - Revertia","isPartOf":{"@id":"https:\/\/revertia.com\/es\/#website"},"primaryImageOfPage":{"@id":"https:\/\/revertia.com\/es\/participacion-de-revertia-en-las-jornadas-sobre-modelos-de-negocio-circulares\/#primaryimage"},"image":{"@id":"https:\/\/revertia.com\/es\/participacion-de-revertia-en-las-jornadas-sobre-modelos-de-negocio-circulares\/#primaryimage"},"thumbnailUrl":"https:\/\/revertia.com\/wp-content\/uploads\/2019\/02\/Proyecto-r2pi-II.jpg","datePublished":"2019-02-11T10:20:59+00:00","dateModified":"2019-02-11T10:37:33+00:00","breadcrumb":{"@id":"https:\/\/revertia.com\/es\/participacion-de-revertia-en-las-jornadas-sobre-modelos-de-negocio-circulares\/#breadcrumb"},"inLanguage":"es","potentialAction":[{"@type":"ReadAction","target":["https:\/\/revertia.com\/es\/participacion-de-revertia-en-las-jornadas-sobre-modelos-de-negocio-circulares\/"]}]},{"@type":"ImageObject","inLanguage":"es","@id":"https:\/\/revertia.com\/es\/participacion-de-revertia-en-las-jornadas-sobre-modelos-de-negocio-circulares\/#primaryimage","url":"https:\/\/revertia.com\/wp-content\/uploads\/2019\/02\/Proyecto-r2pi-II.jpg","contentUrl":"https:\/\/revertia.com\/wp-content\/uploads\/2019\/02\/Proyecto-r2pi-II.jpg","width":1096,"height":633},{"@type":"BreadcrumbList","@id":"https:\/\/revertia.com\/es\/participacion-de-revertia-en-las-jornadas-sobre-modelos-de-negocio-circulares\/#breadcrumb","itemListElement":[{"@type":"ListItem","position":1,"name":"Portada","item":"https:\/\/revertia.com\/"},{"@type":"ListItem","position":2,"name":"Participaci\u00f3n de revertia en las Jornadas sobre Modelos de Negocio Circulares"}]},{"@type":"WebSite","@id":"https:\/\/revertia.com\/es\/#website","url":"https:\/\/revertia.com\/es\/","name":"Revertia","description":"","publisher":{"@id":"https:\/\/revertia.com\/es\/#organization"},"potentialAction":[{"@type":"SearchAction","target":{"@type":"EntryPoint","urlTemplate":"https:\/\/revertia.com\/es\/?s={search_term_string}"},"query-input":"required name=search_term_string"}],"inLanguage":"es"},{"@type":"Organization","@id":"https:\/\/revertia.com\/es\/#organization","name":"Revertia","url":"https:\/\/revertia.com\/es\/","logo":{"@type":"ImageObject","inLanguage":"es","@id":"https:\/\/revertia.com\/es\/#\/schema\/logo\/image\/","url":"https:\/\/revertia.com\/wp-content\/uploads\/2018\/08\/logo-revertia.png","contentUrl":"https:\/\/revertia.com\/wp-content\/uploads\/2018\/08\/logo-revertia.png","width":199,"height":38,"caption":"Revertia"},"image":{"@id":"https:\/\/revertia.com\/es\/#\/schema\/logo\/image\/"},"sameAs":["https:\/\/www.facebook.com\/revertiaresiduos\/","https:\/\/x.com\/revertia","https:\/\/www.linkedin.com\/company\/revertia","https:\/\/www.youtube.com\/user\/revertia"]},{"@type":"Person","@id":"https:\/\/revertia.com\/es\/#\/schema\/person\/940195d5ab9083cd7288a1c686485b0f","name":"revertia","image":{"@type":"ImageObject","inLanguage":"es","@id":"https:\/\/revertia.com\/es\/#\/schema\/person\/image\/","url":"https:\/\/secure.gravatar.com\/avatar\/f0d4228f0378f96589aacc7ae76749a6?s=96&d=mm&r=g","contentUrl":"https:\/\/secure.gravatar.com\/avatar\/f0d4228f0378f96589aacc7ae76749a6?s=96&d=mm&r=g","caption":"revertia"}}]}},"_links":{"self":[{"href":"https:\/\/revertia.com\/es\/wp-json\/wp\/v2\/posts\/6663"}],"collection":[{"href":"https:\/\/revertia.com\/es\/wp-json\/wp\/v2\/posts"}],"about":[{"href":"https:\/\/revertia.com\/es\/wp-json\/wp\/v2\/types\/post"}],"author":[{"embeddable":true,"href":"https:\/\/revertia.com\/es\/wp-json\/wp\/v2\/users\/3"}],"replies":[{"embeddable":true,"href":"https:\/\/revertia.com\/es\/wp-json\/wp\/v2\/comments?post=6663"}],"version-history":[{"count":19,"href":"https:\/\/revertia.com\/es\/wp-json\/wp\/v2\/posts\/6663\/revisions"}],"predecessor-version":[{"id":6684,"href":"https:\/\/revertia.com\/es\/wp-json\/wp\/v2\/posts\/6663\/revisions\/6684"}],"wp:featuredmedia":[{"embeddable":true,"href":"https:\/\/revertia.com\/es\/wp-json\/wp\/v2\/media\/6686"}],"wp:attachment":[{"href":"https:\/\/revertia.com\/es\/wp-json\/wp\/v2\/media?parent=6663"}],"wp:term":[{"taxonomy":"category","embeddable":true,"href":"https:\/\/revertia.com\/es\/wp-json\/wp\/v2\/categories?post=6663"},{"taxonomy":"post_tag","embeddable":true,"href":"https:\/\/revertia.com\/es\/wp-json\/wp\/v2\/tags?post=6663"}],"curies":[{"name":"wp","href":"https:\/\/api.w.org\/{rel}","templated":true}]}}