{"id":6537,"date":"2018-10-22T11:26:09","date_gmt":"2018-10-22T09:26:09","guid":{"rendered":"https:\/\/revertia.com\/?p=6537"},"modified":"2018-10-22T11:26:09","modified_gmt":"2018-10-22T09:26:09","slug":"circularweekend-llega-a-galicia","status":"publish","type":"post","link":"https:\/\/revertia.com\/es\/circularweekend-llega-a-galicia\/","title":{"rendered":"Circularweekend llega a Galicia"},"content":{"rendered":"<p><span style=\"color: #000000; font-family: Calibri;\"><img loading=\"lazy\" decoding=\"async\" class=\"alignleft  wp-image-6538\" src=\"https:\/\/revertia.com\/wp-content\/uploads\/2018\/10\/Logo.jpg\" alt=\"\" width=\"368\" height=\"326\" srcset=\"https:\/\/revertia.com\/wp-content\/uploads\/2018\/10\/Logo.jpg 2048w, https:\/\/revertia.com\/wp-content\/uploads\/2018\/10\/Logo-300x266.jpg 300w, https:\/\/revertia.com\/wp-content\/uploads\/2018\/10\/Logo-1024x909.jpg 1024w, https:\/\/revertia.com\/wp-content\/uploads\/2018\/10\/Logo-640x568.jpg 640w\" sizes=\"(max-width: 368px) 100vw, 368px\" \/>Circularweekend es un evento en el que aprender a lanzar ideas circulares, circularizar modelos existentes y entrar en contacto con todos los agentes del sector. De forma pr\u00e1ctica y con ejemplos reales habr\u00e1 ponencias, talleres y asesoramiento para solucionar los retos de la econom\u00eda circular y lanzar nuevos proyectos<\/span><\/p>\n<p><span style=\"color: #000000; font-family: Calibri;\">En \u00e9l tienen cabida\u00a0tanto\u00a0personas que quieran saber m\u00e1s sobre econom\u00eda circular y poner en pr\u00e1ctica sus ideas y\u00a0principios, como emprendedores que quieran comenzar a reorientar su proyecto para que sea m\u00e1s circular y empresas, sean ya circulares pero que quieran conocer otros modelos de negocio, o tengan ganas de serlo pues\u00a0han o\u00eddo hablar de\u00a0la circularidad\u00a0y creen que puede ser interesante incorporar este concepto en su modelo empresarial. <\/span><span style=\"color: #000000; font-family: Calibri;\">De forma pr\u00e1ctica, y con ejemplos reales, habr\u00e1 ponencias, talleres y asesoramiento para solucionar los retos de la econom\u00eda circular y lanzar nuevos proyectos. <\/span><\/p>\n<p><span style=\"color: #000000; font-family: Calibri;\">Desde revertia<\/span><span style=\"color: #000000; font-family: Calibri;\"> volvemos a colaborar en circularweekend exponiendo nuestra\u00a0trayectoria y\u00a0experiencia como empresa circular en el sector de los residuos de aparatos el\u00e9ctricos y electr\u00f3nicos y mentorizando las ideas que se presenten.<\/span><\/p>\n<p><span style=\"color: #000000; font-family: Calibri;\">Queremos invitarte a participar en este evento \u00fanico que est\u00e1 revolucionando el sector ambiental y que llega a Galicia en su primera edici\u00f3n. Ser\u00e1 en Arteixo\u00a0los\u00a0d\u00edas 9 y 10 de noviembre, gracias al\u00a0patrocinio de este\u00a0Concello que ha apostado por\u00a0circularweekend\u00a0como piedra angular de su pol\u00edtica de fomento de la econom\u00eda circular.<\/span><\/p>\n<p><span style=\"color: #000000; font-family: Calibri;\">A trav\u00e9s del siguiente enlace se puede obtener m\u00e1s informaci\u00f3n\u00a0as\u00ed como\u00a0el registro al evento: <\/span><a href=\"http:\/\/circularweekend.org\/arteixo-2018\">http:\/\/circularweekend.org\/arteixo-2018<\/a><\/p>\n<p>&nbsp;<\/p>","protected":false},"excerpt":{"rendered":"<p>Circularweekend es un evento en el que aprender a lanzar ideas circulares, circularizar modelos existentes y entrar en contacto con todos los agentes del sector. De forma pr\u00e1ctica y con ejemplos reales habr\u00e1 ponencias, talleres y asesoramiento para solucionar los retos de la econom\u00eda circular y lanzar nuevos proyectos En \u00e9l tienen cabida\u00a0tanto\u00a0personas que quieran [&hellip;]<\/p>\n","protected":false},"author":3,"featured_media":6543,"comment_status":"closed","ping_status":"closed","sticky":false,"template":"","format":"standard","meta":{"_acf_changed":false,"inline_featured_image":false,"footnotes":""},"categories":[4,3],"tags":[],"acf":[],"yoast_head":"<!-- This site is optimized with the Yoast SEO plugin v22.8 - https:\/\/yoast.com\/wordpress\/plugins\/seo\/ -->\n<title>Circularweekend llega a Galicia  - Revertia<\/title>\n<meta name=\"robots\" content=\"index, follow, max-snippet:-1, max-image-preview:large, max-video-preview:-1\" \/>\n<link rel=\"canonical\" href=\"https:\/\/revertia.com\/es\/circularweekend-llega-a-galicia\/\" \/>\n<meta property=\"og:locale\" content=\"es_ES\" \/>\n<meta property=\"og:type\" content=\"article\" \/>\n<meta property=\"og:title\" content=\"[:es]Circularweekend llega a Galicia [:] - Revertia\" \/>\n<meta property=\"og:description\" content=\"Circularweekend es un evento en el que aprender a lanzar ideas circulares, circularizar modelos existentes y entrar en contacto con todos los agentes del sector. De forma pr\u00e1ctica y con ejemplos reales habr\u00e1 ponencias, talleres y asesoramiento para solucionar los retos de la econom\u00eda circular y lanzar nuevos proyectos En \u00e9l tienen cabida\u00a0tanto\u00a0personas que quieran [&hellip;]\" \/>\n<meta property=\"og:url\" content=\"https:\/\/revertia.com\/es\/circularweekend-llega-a-galicia\/\" \/>\n<meta property=\"og:site_name\" content=\"Revertia\" \/>\n<meta property=\"article:publisher\" content=\"https:\/\/www.facebook.com\/revertiaresiduos\/\" \/>\n<meta property=\"article:published_time\" content=\"2018-10-22T09:26:09+00:00\" \/>\n<meta property=\"og:image\" content=\"https:\/\/revertia.com\/wp-content\/uploads\/2018\/10\/reducido.jpg\" \/>\n\t<meta property=\"og:image:width\" content=\"2573\" \/>\n\t<meta property=\"og:image:height\" content=\"2213\" \/>\n\t<meta property=\"og:image:type\" content=\"image\/jpeg\" \/>\n<meta name=\"author\" content=\"revertia\" \/>\n<meta name=\"twitter:card\" content=\"summary_large_image\" \/>\n<meta name=\"twitter:creator\" content=\"@revertia\" \/>\n<meta name=\"twitter:site\" content=\"@revertia\" \/>\n<meta name=\"twitter:label1\" content=\"Escrito por\" \/>\n\t<meta name=\"twitter:data1\" content=\"revertia\" \/>\n\t<meta name=\"twitter:label2\" content=\"Tiempo de lectura\" \/>\n\t<meta name=\"twitter:data2\" content=\"1 minuto\" \/>\n<script type=\"application\/ld+json\" class=\"yoast-schema-graph\">{\"@context\":\"https:\/\/schema.org\",\"@graph\":[{\"@type\":\"Article\",\"@id\":\"https:\/\/revertia.com\/es\/circularweekend-llega-a-galicia\/#article\",\"isPartOf\":{\"@id\":\"https:\/\/revertia.com\/es\/circularweekend-llega-a-galicia\/\"},\"author\":{\"name\":\"revertia\",\"@id\":\"https:\/\/revertia.com\/es\/#\/schema\/person\/940195d5ab9083cd7288a1c686485b0f\"},\"headline\":\"Circularweekend llega a Galicia\",\"datePublished\":\"2018-10-22T09:26:09+00:00\",\"dateModified\":\"2018-10-22T09:26:09+00:00\",\"mainEntityOfPage\":{\"@id\":\"https:\/\/revertia.com\/es\/circularweekend-llega-a-galicia\/\"},\"wordCount\":278,\"publisher\":{\"@id\":\"https:\/\/revertia.com\/es\/#organization\"},\"image\":{\"@id\":\"https:\/\/revertia.com\/es\/circularweekend-llega-a-galicia\/#primaryimage\"},\"thumbnailUrl\":\"https:\/\/revertia.com\/wp-content\/uploads\/2018\/10\/reducido.jpg\",\"articleSection\":[\"Eventos\",\"Noticias\"],\"inLanguage\":\"es\"},{\"@type\":\"WebPage\",\"@id\":\"https:\/\/revertia.com\/es\/circularweekend-llega-a-galicia\/\",\"url\":\"https:\/\/revertia.com\/es\/circularweekend-llega-a-galicia\/\",\"name\":\"[:es]Circularweekend llega a Galicia [:] - Revertia\",\"isPartOf\":{\"@id\":\"https:\/\/revertia.com\/es\/#website\"},\"primaryImageOfPage\":{\"@id\":\"https:\/\/revertia.com\/es\/circularweekend-llega-a-galicia\/#primaryimage\"},\"image\":{\"@id\":\"https:\/\/revertia.com\/es\/circularweekend-llega-a-galicia\/#primaryimage\"},\"thumbnailUrl\":\"https:\/\/revertia.com\/wp-content\/uploads\/2018\/10\/reducido.jpg\",\"datePublished\":\"2018-10-22T09:26:09+00:00\",\"dateModified\":\"2018-10-22T09:26:09+00:00\",\"breadcrumb\":{\"@id\":\"https:\/\/revertia.com\/es\/circularweekend-llega-a-galicia\/#breadcrumb\"},\"inLanguage\":\"es\",\"potentialAction\":[{\"@type\":\"ReadAction\",\"target\":[\"https:\/\/revertia.com\/es\/circularweekend-llega-a-galicia\/\"]}]},{\"@type\":\"ImageObject\",\"inLanguage\":\"es\",\"@id\":\"https:\/\/revertia.com\/es\/circularweekend-llega-a-galicia\/#primaryimage\",\"url\":\"https:\/\/revertia.com\/wp-content\/uploads\/2018\/10\/reducido.jpg\",\"contentUrl\":\"https:\/\/revertia.com\/wp-content\/uploads\/2018\/10\/reducido.jpg\",\"width\":2573,\"height\":2213},{\"@type\":\"BreadcrumbList\",\"@id\":\"https:\/\/revertia.com\/es\/circularweekend-llega-a-galicia\/#breadcrumb\",\"itemListElement\":[{\"@type\":\"ListItem\",\"position\":1,\"name\":\"Portada\",\"item\":\"https:\/\/revertia.com\/\"},{\"@type\":\"ListItem\",\"position\":2,\"name\":\"Circularweekend llega a Galicia\"}]},{\"@type\":\"WebSite\",\"@id\":\"https:\/\/revertia.com\/es\/#website\",\"url\":\"https:\/\/revertia.com\/es\/\",\"name\":\"Revertia\",\"description\":\"\",\"publisher\":{\"@id\":\"https:\/\/revertia.com\/es\/#organization\"},\"potentialAction\":[{\"@type\":\"SearchAction\",\"target\":{\"@type\":\"EntryPoint\",\"urlTemplate\":\"https:\/\/revertia.com\/es\/?s={search_term_string}\"},\"query-input\":\"required name=search_term_string\"}],\"inLanguage\":\"es\"},{\"@type\":\"Organization\",\"@id\":\"https:\/\/revertia.com\/es\/#organization\",\"name\":\"Revertia\",\"url\":\"https:\/\/revertia.com\/es\/\",\"logo\":{\"@type\":\"ImageObject\",\"inLanguage\":\"es\",\"@id\":\"https:\/\/revertia.com\/es\/#\/schema\/logo\/image\/\",\"url\":\"https:\/\/revertia.com\/wp-content\/uploads\/2018\/08\/logo-revertia.png\",\"contentUrl\":\"https:\/\/revertia.com\/wp-content\/uploads\/2018\/08\/logo-revertia.png\",\"width\":199,\"height\":38,\"caption\":\"Revertia\"},\"image\":{\"@id\":\"https:\/\/revertia.com\/es\/#\/schema\/logo\/image\/\"},\"sameAs\":[\"https:\/\/www.facebook.com\/revertiaresiduos\/\",\"https:\/\/x.com\/revertia\",\"https:\/\/www.linkedin.com\/company\/revertia\",\"https:\/\/www.youtube.com\/user\/revertia\"]},{\"@type\":\"Person\",\"@id\":\"https:\/\/revertia.com\/es\/#\/schema\/person\/940195d5ab9083cd7288a1c686485b0f\",\"name\":\"revertia\",\"image\":{\"@type\":\"ImageObject\",\"inLanguage\":\"es\",\"@id\":\"https:\/\/revertia.com\/es\/#\/schema\/person\/image\/\",\"url\":\"https:\/\/secure.gravatar.com\/avatar\/f0d4228f0378f96589aacc7ae76749a6?s=96&d=mm&r=g\",\"contentUrl\":\"https:\/\/secure.gravatar.com\/avatar\/f0d4228f0378f96589aacc7ae76749a6?s=96&d=mm&r=g\",\"caption\":\"revertia\"}}]}<\/script>\n<!-- \/ Yoast SEO plugin. -->","yoast_head_json":{"title":"[:es]Circularweekend llega a Galicia [:] - Revertia","robots":{"index":"index","follow":"follow","max-snippet":"max-snippet:-1","max-image-preview":"max-image-preview:large","max-video-preview":"max-video-preview:-1"},"canonical":"https:\/\/revertia.com\/es\/circularweekend-llega-a-galicia\/","og_locale":"es_ES","og_type":"article","og_title":"[:es]Circularweekend llega a Galicia [:] - Revertia","og_description":"Circularweekend es un evento en el que aprender a lanzar ideas circulares, circularizar modelos existentes y entrar en contacto con todos los agentes del sector. De forma pr\u00e1ctica y con ejemplos reales habr\u00e1 ponencias, talleres y asesoramiento para solucionar los retos de la econom\u00eda circular y lanzar nuevos proyectos En \u00e9l tienen cabida\u00a0tanto\u00a0personas que quieran [&hellip;]","og_url":"https:\/\/revertia.com\/es\/circularweekend-llega-a-galicia\/","og_site_name":"Revertia","article_publisher":"https:\/\/www.facebook.com\/revertiaresiduos\/","article_published_time":"2018-10-22T09:26:09+00:00","og_image":[{"width":2573,"height":2213,"url":"https:\/\/revertia.com\/wp-content\/uploads\/2018\/10\/reducido.jpg","type":"image\/jpeg"}],"author":"revertia","twitter_card":"summary_large_image","twitter_creator":"@revertia","twitter_site":"@revertia","twitter_misc":{"Escrito por":"revertia","Tiempo de lectura":"1 minuto"},"schema":{"@context":"https:\/\/schema.org","@graph":[{"@type":"Article","@id":"https:\/\/revertia.com\/es\/circularweekend-llega-a-galicia\/#article","isPartOf":{"@id":"https:\/\/revertia.com\/es\/circularweekend-llega-a-galicia\/"},"author":{"name":"revertia","@id":"https:\/\/revertia.com\/es\/#\/schema\/person\/940195d5ab9083cd7288a1c686485b0f"},"headline":"Circularweekend llega a Galicia","datePublished":"2018-10-22T09:26:09+00:00","dateModified":"2018-10-22T09:26:09+00:00","mainEntityOfPage":{"@id":"https:\/\/revertia.com\/es\/circularweekend-llega-a-galicia\/"},"wordCount":278,"publisher":{"@id":"https:\/\/revertia.com\/es\/#organization"},"image":{"@id":"https:\/\/revertia.com\/es\/circularweekend-llega-a-galicia\/#primaryimage"},"thumbnailUrl":"https:\/\/revertia.com\/wp-content\/uploads\/2018\/10\/reducido.jpg","articleSection":["Eventos","Noticias"],"inLanguage":"es"},{"@type":"WebPage","@id":"https:\/\/revertia.com\/es\/circularweekend-llega-a-galicia\/","url":"https:\/\/revertia.com\/es\/circularweekend-llega-a-galicia\/","name":"[:es]Circularweekend llega a Galicia [:] - Revertia","isPartOf":{"@id":"https:\/\/revertia.com\/es\/#website"},"primaryImageOfPage":{"@id":"https:\/\/revertia.com\/es\/circularweekend-llega-a-galicia\/#primaryimage"},"image":{"@id":"https:\/\/revertia.com\/es\/circularweekend-llega-a-galicia\/#primaryimage"},"thumbnailUrl":"https:\/\/revertia.com\/wp-content\/uploads\/2018\/10\/reducido.jpg","datePublished":"2018-10-22T09:26:09+00:00","dateModified":"2018-10-22T09:26:09+00:00","breadcrumb":{"@id":"https:\/\/revertia.com\/es\/circularweekend-llega-a-galicia\/#breadcrumb"},"inLanguage":"es","potentialAction":[{"@type":"ReadAction","target":["https:\/\/revertia.com\/es\/circularweekend-llega-a-galicia\/"]}]},{"@type":"ImageObject","inLanguage":"es","@id":"https:\/\/revertia.com\/es\/circularweekend-llega-a-galicia\/#primaryimage","url":"https:\/\/revertia.com\/wp-content\/uploads\/2018\/10\/reducido.jpg","contentUrl":"https:\/\/revertia.com\/wp-content\/uploads\/2018\/10\/reducido.jpg","width":2573,"height":2213},{"@type":"BreadcrumbList","@id":"https:\/\/revertia.com\/es\/circularweekend-llega-a-galicia\/#breadcrumb","itemListElement":[{"@type":"ListItem","position":1,"name":"Portada","item":"https:\/\/revertia.com\/"},{"@type":"ListItem","position":2,"name":"Circularweekend llega a Galicia"}]},{"@type":"WebSite","@id":"https:\/\/revertia.com\/es\/#website","url":"https:\/\/revertia.com\/es\/","name":"Revertia","description":"","publisher":{"@id":"https:\/\/revertia.com\/es\/#organization"},"potentialAction":[{"@type":"SearchAction","target":{"@type":"EntryPoint","urlTemplate":"https:\/\/revertia.com\/es\/?s={search_term_string}"},"query-input":"required name=search_term_string"}],"inLanguage":"es"},{"@type":"Organization","@id":"https:\/\/revertia.com\/es\/#organization","name":"Revertia","url":"https:\/\/revertia.com\/es\/","logo":{"@type":"ImageObject","inLanguage":"es","@id":"https:\/\/revertia.com\/es\/#\/schema\/logo\/image\/","url":"https:\/\/revertia.com\/wp-content\/uploads\/2018\/08\/logo-revertia.png","contentUrl":"https:\/\/revertia.com\/wp-content\/uploads\/2018\/08\/logo-revertia.png","width":199,"height":38,"caption":"Revertia"},"image":{"@id":"https:\/\/revertia.com\/es\/#\/schema\/logo\/image\/"},"sameAs":["https:\/\/www.facebook.com\/revertiaresiduos\/","https:\/\/x.com\/revertia","https:\/\/www.linkedin.com\/company\/revertia","https:\/\/www.youtube.com\/user\/revertia"]},{"@type":"Person","@id":"https:\/\/revertia.com\/es\/#\/schema\/person\/940195d5ab9083cd7288a1c686485b0f","name":"revertia","image":{"@type":"ImageObject","inLanguage":"es","@id":"https:\/\/revertia.com\/es\/#\/schema\/person\/image\/","url":"https:\/\/secure.gravatar.com\/avatar\/f0d4228f0378f96589aacc7ae76749a6?s=96&d=mm&r=g","contentUrl":"https:\/\/secure.gravatar.com\/avatar\/f0d4228f0378f96589aacc7ae76749a6?s=96&d=mm&r=g","caption":"revertia"}}]}},"_links":{"self":[{"href":"https:\/\/revertia.com\/es\/wp-json\/wp\/v2\/posts\/6537"}],"collection":[{"href":"https:\/\/revertia.com\/es\/wp-json\/wp\/v2\/posts"}],"about":[{"href":"https:\/\/revertia.com\/es\/wp-json\/wp\/v2\/types\/post"}],"author":[{"embeddable":true,"href":"https:\/\/revertia.com\/es\/wp-json\/wp\/v2\/users\/3"}],"replies":[{"embeddable":true,"href":"https:\/\/revertia.com\/es\/wp-json\/wp\/v2\/comments?post=6537"}],"version-history":[{"count":4,"href":"https:\/\/revertia.com\/es\/wp-json\/wp\/v2\/posts\/6537\/revisions"}],"predecessor-version":[{"id":6542,"href":"https:\/\/revertia.com\/es\/wp-json\/wp\/v2\/posts\/6537\/revisions\/6542"}],"wp:featuredmedia":[{"embeddable":true,"href":"https:\/\/revertia.com\/es\/wp-json\/wp\/v2\/media\/6543"}],"wp:attachment":[{"href":"https:\/\/revertia.com\/es\/wp-json\/wp\/v2\/media?parent=6537"}],"wp:term":[{"taxonomy":"category","embeddable":true,"href":"https:\/\/revertia.com\/es\/wp-json\/wp\/v2\/categories?post=6537"},{"taxonomy":"post_tag","embeddable":true,"href":"https:\/\/revertia.com\/es\/wp-json\/wp\/v2\/tags?post=6537"}],"curies":[{"name":"wp","href":"https:\/\/api.w.org\/{rel}","templated":true}]}}