{"id":5416,"date":"2017-02-10T16:32:28","date_gmt":"2017-02-10T15:32:28","guid":{"rendered":"https:\/\/revertia.com\/?p=5416"},"modified":"2018-08-09T11:54:22","modified_gmt":"2018-08-09T09:54:22","slug":"la-reutilizacion-europa-debate-seminario-internacional-brescia-italia","status":"publish","type":"post","link":"https:\/\/revertia.com\/es\/la-reutilizacion-europa-debate-seminario-internacional-brescia-italia\/","title":{"rendered":"La reutilizaci\u00f3n de RAEE en Europa a debate en el marco del proyecto LIFE MED. Brescia (Italia)"},"content":{"rendered":"<p>Porri\u00f1o, 10 de febrero de 2017<\/p>\n<p style=\"text-align: left;\"><img loading=\"lazy\" decoding=\"async\" class=\"alignleft wp-image-5417\" src=\"https:\/\/revertia.com\/wp-content\/uploads\/2017\/02\/Foto-Alex.jpg\" alt=\"\" width=\"291\" height=\"247\" srcset=\"https:\/\/revertia.com\/wp-content\/uploads\/2017\/02\/Foto-Alex.jpg 1410w, https:\/\/revertia.com\/wp-content\/uploads\/2017\/02\/Foto-Alex-300x255.jpg 300w, https:\/\/revertia.com\/wp-content\/uploads\/2017\/02\/Foto-Alex-1024x871.jpg 1024w\" sizes=\"(max-width: 291px) 100vw, 291px\" \/>Los d\u00edas 25 a 27 de enero tuvo lugar en Brescia (Italia) el seminario internacional sobre sobre econom\u00eda circular y gesti\u00f3n de residuos electr\u00f3nicos en el marco del <em>Proyecto LIFE MED<\/em>. Revertia particip\u00f3 en el bloque y posterior debate de mejores pr\u00e1cticas europeas en materia de reutilizaci\u00f3n contando su experiencia como centro de preparaci\u00f3n para la reutilizaci\u00f3n en materia de residuos el\u00e9ctricos y electr\u00f3nicos junto con otras interesantes iniciativas que se est\u00e1n desarrollando en Italia, Eslovenia e Irlanda, entre otros pa\u00edses.<\/p>\n<p style=\"text-align: left;\">En el transcurso de las diferentes intervenciones se dej\u00f3 claro que estamos ante una actividad viable desde un punto de vista no s\u00f3lo econ\u00f3mico sino tambi\u00e9n ambiental y social y con alto potencial de creaci\u00f3n de puestos de trabajo. Para ello, es esencial la existencia de normativas que fomenten la reutilizaci\u00f3n como la mejor de las opciones de tratamiento y, en este sentido, se puso como ejemplo el modelo espa\u00f1ol, valor\u00e1ndose muy positivamente nuestro Real Decreto de gesti\u00f3n de RAEE por ser el \u00fanico pa\u00eds europeo junto con la regi\u00f3n belga de Flandes en establecer objetivos espec\u00edficos de reutilizaci\u00f3n separados de los de reciclaje.<\/p>\n<p><\/p>","protected":false},"excerpt":{"rendered":"<p>Porri\u00f1o, 10 de febrero de 2017 Los d\u00edas 25 a 27 de enero tuvo lugar en Brescia (Italia) el seminario internacional sobre sobre econom\u00eda circular y gesti\u00f3n de residuos electr\u00f3nicos en el marco del Proyecto LIFE MED. Revertia particip\u00f3 en el bloque y posterior debate de mejores pr\u00e1cticas europeas en materia de reutilizaci\u00f3n contando su [&hellip;]<\/p>\n","protected":false},"author":3,"featured_media":5417,"comment_status":"open","ping_status":"closed","sticky":false,"template":"","format":"standard","meta":{"_acf_changed":false,"inline_featured_image":false,"footnotes":""},"categories":[3],"tags":[],"acf":[],"yoast_head":"<!-- This site is optimized with the Yoast SEO plugin v22.8 - https:\/\/yoast.com\/wordpress\/plugins\/seo\/ -->\n<title>La reutilizaci\u00f3n de RAEE en Europa a debate en el marco del LIFE MED.- Revertia<\/title>\n<meta name=\"description\" content=\"Revertia particip\u00f3 en el seminario internacional sobre sobre econom\u00eda circular y gesti\u00f3n de residuos electr\u00f3nicos en el marco del Proyecto LIFE MED.\" \/>\n<meta name=\"robots\" content=\"index, follow, max-snippet:-1, max-image-preview:large, max-video-preview:-1\" \/>\n<link rel=\"canonical\" href=\"https:\/\/revertia.com\/es\/la-reutilizacion-europa-debate-seminario-internacional-brescia-italia\/\" \/>\n<meta property=\"og:locale\" content=\"es_ES\" \/>\n<meta property=\"og:type\" content=\"article\" \/>\n<meta property=\"og:title\" content=\"La reutilizaci\u00f3n de RAEE en Europa a debate en el marco del LIFE MED.- Revertia\" \/>\n<meta property=\"og:description\" content=\"Revertia particip\u00f3 en el seminario internacional sobre sobre econom\u00eda circular y gesti\u00f3n de residuos electr\u00f3nicos en el marco del Proyecto LIFE MED.\" \/>\n<meta property=\"og:url\" content=\"https:\/\/revertia.com\/es\/la-reutilizacion-europa-debate-seminario-internacional-brescia-italia\/\" \/>\n<meta property=\"og:site_name\" content=\"Revertia\" \/>\n<meta property=\"article:publisher\" content=\"https:\/\/www.facebook.com\/revertiaresiduos\/\" \/>\n<meta property=\"article:published_time\" content=\"2017-02-10T15:32:28+00:00\" \/>\n<meta property=\"article:modified_time\" content=\"2018-08-09T09:54:22+00:00\" \/>\n<meta property=\"og:image\" content=\"https:\/\/revertia.com\/wp-content\/uploads\/2017\/02\/Foto-Alex.jpg\" \/>\n\t<meta property=\"og:image:width\" content=\"1410\" \/>\n\t<meta property=\"og:image:height\" content=\"1199\" \/>\n\t<meta property=\"og:image:type\" content=\"image\/jpeg\" \/>\n<meta name=\"author\" content=\"revertia\" \/>\n<meta name=\"twitter:card\" content=\"summary_large_image\" \/>\n<meta name=\"twitter:creator\" content=\"@revertia\" \/>\n<meta name=\"twitter:site\" content=\"@revertia\" \/>\n<meta name=\"twitter:label1\" content=\"Escrito por\" \/>\n\t<meta name=\"twitter:data1\" content=\"revertia\" \/>\n\t<meta name=\"twitter:label2\" content=\"Tiempo de lectura\" \/>\n\t<meta name=\"twitter:data2\" content=\"1 minuto\" \/>\n<script type=\"application\/ld+json\" class=\"yoast-schema-graph\">{\"@context\":\"https:\/\/schema.org\",\"@graph\":[{\"@type\":\"Article\",\"@id\":\"https:\/\/revertia.com\/es\/la-reutilizacion-europa-debate-seminario-internacional-brescia-italia\/#article\",\"isPartOf\":{\"@id\":\"https:\/\/revertia.com\/es\/la-reutilizacion-europa-debate-seminario-internacional-brescia-italia\/\"},\"author\":{\"name\":\"revertia\",\"@id\":\"https:\/\/revertia.com\/es\/#\/schema\/person\/940195d5ab9083cd7288a1c686485b0f\"},\"headline\":\"La reutilizaci\u00f3n de RAEE en Europa a debate en el marco del proyecto LIFE MED. Brescia (Italia)\",\"datePublished\":\"2017-02-10T15:32:28+00:00\",\"dateModified\":\"2018-08-09T09:54:22+00:00\",\"mainEntityOfPage\":{\"@id\":\"https:\/\/revertia.com\/es\/la-reutilizacion-europa-debate-seminario-internacional-brescia-italia\/\"},\"wordCount\":232,\"commentCount\":0,\"publisher\":{\"@id\":\"https:\/\/revertia.com\/es\/#organization\"},\"image\":{\"@id\":\"https:\/\/revertia.com\/es\/la-reutilizacion-europa-debate-seminario-internacional-brescia-italia\/#primaryimage\"},\"thumbnailUrl\":\"https:\/\/revertia.com\/wp-content\/uploads\/2017\/02\/Foto-Alex.jpg\",\"articleSection\":[\"Noticias\"],\"inLanguage\":\"es\",\"potentialAction\":[{\"@type\":\"CommentAction\",\"name\":\"Comment\",\"target\":[\"https:\/\/revertia.com\/es\/la-reutilizacion-europa-debate-seminario-internacional-brescia-italia\/#respond\"]}]},{\"@type\":\"WebPage\",\"@id\":\"https:\/\/revertia.com\/es\/la-reutilizacion-europa-debate-seminario-internacional-brescia-italia\/\",\"url\":\"https:\/\/revertia.com\/es\/la-reutilizacion-europa-debate-seminario-internacional-brescia-italia\/\",\"name\":\"La reutilizaci\u00f3n de RAEE en Europa a debate en el marco del LIFE MED.- Revertia\",\"isPartOf\":{\"@id\":\"https:\/\/revertia.com\/es\/#website\"},\"primaryImageOfPage\":{\"@id\":\"https:\/\/revertia.com\/es\/la-reutilizacion-europa-debate-seminario-internacional-brescia-italia\/#primaryimage\"},\"image\":{\"@id\":\"https:\/\/revertia.com\/es\/la-reutilizacion-europa-debate-seminario-internacional-brescia-italia\/#primaryimage\"},\"thumbnailUrl\":\"https:\/\/revertia.com\/wp-content\/uploads\/2017\/02\/Foto-Alex.jpg\",\"datePublished\":\"2017-02-10T15:32:28+00:00\",\"dateModified\":\"2018-08-09T09:54:22+00:00\",\"description\":\"Revertia particip\u00f3 en el seminario internacional sobre sobre econom\u00eda circular y gesti\u00f3n de residuos electr\u00f3nicos en el marco del Proyecto LIFE MED.\",\"breadcrumb\":{\"@id\":\"https:\/\/revertia.com\/es\/la-reutilizacion-europa-debate-seminario-internacional-brescia-italia\/#breadcrumb\"},\"inLanguage\":\"es\",\"potentialAction\":[{\"@type\":\"ReadAction\",\"target\":[\"https:\/\/revertia.com\/es\/la-reutilizacion-europa-debate-seminario-internacional-brescia-italia\/\"]}]},{\"@type\":\"ImageObject\",\"inLanguage\":\"es\",\"@id\":\"https:\/\/revertia.com\/es\/la-reutilizacion-europa-debate-seminario-internacional-brescia-italia\/#primaryimage\",\"url\":\"https:\/\/revertia.com\/wp-content\/uploads\/2017\/02\/Foto-Alex.jpg\",\"contentUrl\":\"https:\/\/revertia.com\/wp-content\/uploads\/2017\/02\/Foto-Alex.jpg\",\"width\":1410,\"height\":1199},{\"@type\":\"BreadcrumbList\",\"@id\":\"https:\/\/revertia.com\/es\/la-reutilizacion-europa-debate-seminario-internacional-brescia-italia\/#breadcrumb\",\"itemListElement\":[{\"@type\":\"ListItem\",\"position\":1,\"name\":\"Portada\",\"item\":\"https:\/\/revertia.com\/\"},{\"@type\":\"ListItem\",\"position\":2,\"name\":\"La reutilizaci\u00f3n de RAEE en Europa a debate en el marco del proyecto LIFE MED. Brescia (Italia)\"}]},{\"@type\":\"WebSite\",\"@id\":\"https:\/\/revertia.com\/es\/#website\",\"url\":\"https:\/\/revertia.com\/es\/\",\"name\":\"Revertia\",\"description\":\"\",\"publisher\":{\"@id\":\"https:\/\/revertia.com\/es\/#organization\"},\"potentialAction\":[{\"@type\":\"SearchAction\",\"target\":{\"@type\":\"EntryPoint\",\"urlTemplate\":\"https:\/\/revertia.com\/es\/?s={search_term_string}\"},\"query-input\":\"required name=search_term_string\"}],\"inLanguage\":\"es\"},{\"@type\":\"Organization\",\"@id\":\"https:\/\/revertia.com\/es\/#organization\",\"name\":\"Revertia\",\"url\":\"https:\/\/revertia.com\/es\/\",\"logo\":{\"@type\":\"ImageObject\",\"inLanguage\":\"es\",\"@id\":\"https:\/\/revertia.com\/es\/#\/schema\/logo\/image\/\",\"url\":\"https:\/\/revertia.com\/wp-content\/uploads\/2018\/08\/logo-revertia.png\",\"contentUrl\":\"https:\/\/revertia.com\/wp-content\/uploads\/2018\/08\/logo-revertia.png\",\"width\":199,\"height\":38,\"caption\":\"Revertia\"},\"image\":{\"@id\":\"https:\/\/revertia.com\/es\/#\/schema\/logo\/image\/\"},\"sameAs\":[\"https:\/\/www.facebook.com\/revertiaresiduos\/\",\"https:\/\/x.com\/revertia\",\"https:\/\/www.linkedin.com\/company\/revertia\",\"https:\/\/www.youtube.com\/user\/revertia\"]},{\"@type\":\"Person\",\"@id\":\"https:\/\/revertia.com\/es\/#\/schema\/person\/940195d5ab9083cd7288a1c686485b0f\",\"name\":\"revertia\",\"image\":{\"@type\":\"ImageObject\",\"inLanguage\":\"es\",\"@id\":\"https:\/\/revertia.com\/es\/#\/schema\/person\/image\/\",\"url\":\"https:\/\/secure.gravatar.com\/avatar\/f0d4228f0378f96589aacc7ae76749a6?s=96&d=mm&r=g\",\"contentUrl\":\"https:\/\/secure.gravatar.com\/avatar\/f0d4228f0378f96589aacc7ae76749a6?s=96&d=mm&r=g\",\"caption\":\"revertia\"}}]}<\/script>\n<!-- \/ Yoast SEO plugin. -->","yoast_head_json":{"title":"La reutilizaci\u00f3n de RAEE en Europa a debate en el marco del LIFE MED.- Revertia","description":"Revertia particip\u00f3 en el seminario internacional sobre sobre econom\u00eda circular y gesti\u00f3n de residuos electr\u00f3nicos en el marco del Proyecto LIFE MED.","robots":{"index":"index","follow":"follow","max-snippet":"max-snippet:-1","max-image-preview":"max-image-preview:large","max-video-preview":"max-video-preview:-1"},"canonical":"https:\/\/revertia.com\/es\/la-reutilizacion-europa-debate-seminario-internacional-brescia-italia\/","og_locale":"es_ES","og_type":"article","og_title":"La reutilizaci\u00f3n de RAEE en Europa a debate en el marco del LIFE MED.- Revertia","og_description":"Revertia particip\u00f3 en el seminario internacional sobre sobre econom\u00eda circular y gesti\u00f3n de residuos electr\u00f3nicos en el marco del Proyecto LIFE MED.","og_url":"https:\/\/revertia.com\/es\/la-reutilizacion-europa-debate-seminario-internacional-brescia-italia\/","og_site_name":"Revertia","article_publisher":"https:\/\/www.facebook.com\/revertiaresiduos\/","article_published_time":"2017-02-10T15:32:28+00:00","article_modified_time":"2018-08-09T09:54:22+00:00","og_image":[{"width":1410,"height":1199,"url":"https:\/\/revertia.com\/wp-content\/uploads\/2017\/02\/Foto-Alex.jpg","type":"image\/jpeg"}],"author":"revertia","twitter_card":"summary_large_image","twitter_creator":"@revertia","twitter_site":"@revertia","twitter_misc":{"Escrito por":"revertia","Tiempo de lectura":"1 minuto"},"schema":{"@context":"https:\/\/schema.org","@graph":[{"@type":"Article","@id":"https:\/\/revertia.com\/es\/la-reutilizacion-europa-debate-seminario-internacional-brescia-italia\/#article","isPartOf":{"@id":"https:\/\/revertia.com\/es\/la-reutilizacion-europa-debate-seminario-internacional-brescia-italia\/"},"author":{"name":"revertia","@id":"https:\/\/revertia.com\/es\/#\/schema\/person\/940195d5ab9083cd7288a1c686485b0f"},"headline":"La reutilizaci\u00f3n de RAEE en Europa a debate en el marco del proyecto LIFE MED. Brescia (Italia)","datePublished":"2017-02-10T15:32:28+00:00","dateModified":"2018-08-09T09:54:22+00:00","mainEntityOfPage":{"@id":"https:\/\/revertia.com\/es\/la-reutilizacion-europa-debate-seminario-internacional-brescia-italia\/"},"wordCount":232,"commentCount":0,"publisher":{"@id":"https:\/\/revertia.com\/es\/#organization"},"image":{"@id":"https:\/\/revertia.com\/es\/la-reutilizacion-europa-debate-seminario-internacional-brescia-italia\/#primaryimage"},"thumbnailUrl":"https:\/\/revertia.com\/wp-content\/uploads\/2017\/02\/Foto-Alex.jpg","articleSection":["Noticias"],"inLanguage":"es","potentialAction":[{"@type":"CommentAction","name":"Comment","target":["https:\/\/revertia.com\/es\/la-reutilizacion-europa-debate-seminario-internacional-brescia-italia\/#respond"]}]},{"@type":"WebPage","@id":"https:\/\/revertia.com\/es\/la-reutilizacion-europa-debate-seminario-internacional-brescia-italia\/","url":"https:\/\/revertia.com\/es\/la-reutilizacion-europa-debate-seminario-internacional-brescia-italia\/","name":"La reutilizaci\u00f3n de RAEE en Europa a debate en el marco del LIFE MED.- Revertia","isPartOf":{"@id":"https:\/\/revertia.com\/es\/#website"},"primaryImageOfPage":{"@id":"https:\/\/revertia.com\/es\/la-reutilizacion-europa-debate-seminario-internacional-brescia-italia\/#primaryimage"},"image":{"@id":"https:\/\/revertia.com\/es\/la-reutilizacion-europa-debate-seminario-internacional-brescia-italia\/#primaryimage"},"thumbnailUrl":"https:\/\/revertia.com\/wp-content\/uploads\/2017\/02\/Foto-Alex.jpg","datePublished":"2017-02-10T15:32:28+00:00","dateModified":"2018-08-09T09:54:22+00:00","description":"Revertia particip\u00f3 en el seminario internacional sobre sobre econom\u00eda circular y gesti\u00f3n de residuos electr\u00f3nicos en el marco del Proyecto LIFE MED.","breadcrumb":{"@id":"https:\/\/revertia.com\/es\/la-reutilizacion-europa-debate-seminario-internacional-brescia-italia\/#breadcrumb"},"inLanguage":"es","potentialAction":[{"@type":"ReadAction","target":["https:\/\/revertia.com\/es\/la-reutilizacion-europa-debate-seminario-internacional-brescia-italia\/"]}]},{"@type":"ImageObject","inLanguage":"es","@id":"https:\/\/revertia.com\/es\/la-reutilizacion-europa-debate-seminario-internacional-brescia-italia\/#primaryimage","url":"https:\/\/revertia.com\/wp-content\/uploads\/2017\/02\/Foto-Alex.jpg","contentUrl":"https:\/\/revertia.com\/wp-content\/uploads\/2017\/02\/Foto-Alex.jpg","width":1410,"height":1199},{"@type":"BreadcrumbList","@id":"https:\/\/revertia.com\/es\/la-reutilizacion-europa-debate-seminario-internacional-brescia-italia\/#breadcrumb","itemListElement":[{"@type":"ListItem","position":1,"name":"Portada","item":"https:\/\/revertia.com\/"},{"@type":"ListItem","position":2,"name":"La reutilizaci\u00f3n de RAEE en Europa a debate en el marco del proyecto LIFE MED. Brescia (Italia)"}]},{"@type":"WebSite","@id":"https:\/\/revertia.com\/es\/#website","url":"https:\/\/revertia.com\/es\/","name":"Revertia","description":"","publisher":{"@id":"https:\/\/revertia.com\/es\/#organization"},"potentialAction":[{"@type":"SearchAction","target":{"@type":"EntryPoint","urlTemplate":"https:\/\/revertia.com\/es\/?s={search_term_string}"},"query-input":"required name=search_term_string"}],"inLanguage":"es"},{"@type":"Organization","@id":"https:\/\/revertia.com\/es\/#organization","name":"Revertia","url":"https:\/\/revertia.com\/es\/","logo":{"@type":"ImageObject","inLanguage":"es","@id":"https:\/\/revertia.com\/es\/#\/schema\/logo\/image\/","url":"https:\/\/revertia.com\/wp-content\/uploads\/2018\/08\/logo-revertia.png","contentUrl":"https:\/\/revertia.com\/wp-content\/uploads\/2018\/08\/logo-revertia.png","width":199,"height":38,"caption":"Revertia"},"image":{"@id":"https:\/\/revertia.com\/es\/#\/schema\/logo\/image\/"},"sameAs":["https:\/\/www.facebook.com\/revertiaresiduos\/","https:\/\/x.com\/revertia","https:\/\/www.linkedin.com\/company\/revertia","https:\/\/www.youtube.com\/user\/revertia"]},{"@type":"Person","@id":"https:\/\/revertia.com\/es\/#\/schema\/person\/940195d5ab9083cd7288a1c686485b0f","name":"revertia","image":{"@type":"ImageObject","inLanguage":"es","@id":"https:\/\/revertia.com\/es\/#\/schema\/person\/image\/","url":"https:\/\/secure.gravatar.com\/avatar\/f0d4228f0378f96589aacc7ae76749a6?s=96&d=mm&r=g","contentUrl":"https:\/\/secure.gravatar.com\/avatar\/f0d4228f0378f96589aacc7ae76749a6?s=96&d=mm&r=g","caption":"revertia"}}]}},"_links":{"self":[{"href":"https:\/\/revertia.com\/es\/wp-json\/wp\/v2\/posts\/5416"}],"collection":[{"href":"https:\/\/revertia.com\/es\/wp-json\/wp\/v2\/posts"}],"about":[{"href":"https:\/\/revertia.com\/es\/wp-json\/wp\/v2\/types\/post"}],"author":[{"embeddable":true,"href":"https:\/\/revertia.com\/es\/wp-json\/wp\/v2\/users\/3"}],"replies":[{"embeddable":true,"href":"https:\/\/revertia.com\/es\/wp-json\/wp\/v2\/comments?post=5416"}],"version-history":[{"count":4,"href":"https:\/\/revertia.com\/es\/wp-json\/wp\/v2\/posts\/5416\/revisions"}],"predecessor-version":[{"id":5434,"href":"https:\/\/revertia.com\/es\/wp-json\/wp\/v2\/posts\/5416\/revisions\/5434"}],"wp:featuredmedia":[{"embeddable":true,"href":"https:\/\/revertia.com\/es\/wp-json\/wp\/v2\/media\/5417"}],"wp:attachment":[{"href":"https:\/\/revertia.com\/es\/wp-json\/wp\/v2\/media?parent=5416"}],"wp:term":[{"taxonomy":"category","embeddable":true,"href":"https:\/\/revertia.com\/es\/wp-json\/wp\/v2\/categories?post=5416"},{"taxonomy":"post_tag","embeddable":true,"href":"https:\/\/revertia.com\/es\/wp-json\/wp\/v2\/tags?post=5416"}],"curies":[{"name":"wp","href":"https:\/\/api.w.org\/{rel}","templated":true}]}}