{"id":27733,"date":"2023-11-16T10:10:25","date_gmt":"2023-11-16T09:10:25","guid":{"rendered":"https:\/\/revertia.com\/?p=27733"},"modified":"2024-04-10T09:48:19","modified_gmt":"2024-04-10T07:48:19","slug":"arranca-la-campana-renovarse-no-morir","status":"publish","type":"post","link":"https:\/\/revertia.com\/es\/arranca-la-campana-renovarse-no-morir\/","title":{"rendered":"Arranca la campa\u00f1a #renovarsenomorir en el Ayuntamiento de Madrid"},"content":{"rendered":"<p><\/p>\n<h3><img loading=\"lazy\" decoding=\"async\" class=\"alignnone wp-image-27743 size-full\" src=\"https:\/\/revertia.com\/wp-content\/uploads\/2023\/11\/RENOVARSENOMORIR.png\" alt=\"\" width=\"730\" height=\"427\" srcset=\"https:\/\/revertia.com\/wp-content\/uploads\/2023\/11\/RENOVARSENOMORIR.png 730w, https:\/\/revertia.com\/wp-content\/uploads\/2023\/11\/RENOVARSENOMORIR-300x175.png 300w, https:\/\/revertia.com\/wp-content\/uploads\/2023\/11\/RENOVARSENOMORIR-640x374.png 640w\" sizes=\"(max-width: 730px) 100vw, 730px\" \/><\/h3>\n<p>&nbsp;<\/p>\n<h3>Revertia ser\u00e1 la empresa coordinadora e interlocutora con los centros municipales habilitados como puntos de entrega de los PAE (peque\u00f1os aparatos el\u00e9ctricos) en esta campa\u00f1a que durar\u00e1 3 meses.<\/h3>\n<p><strong><br \/>\n#renovarsenomorir<\/strong> es una iniciativa de <span class=\"s2\"><a href=\"https:\/\/www.facebook.com\/EcofimaticaFundacion?__cft__%5B0%5D=AZWOlFfTK80nNw-SWturpce6BI0ckYkJvqMRMyeMl17R5kWFzj6xNZhkpZBtyX366CcRgCG0EGVd75wDPPu2s9bp6xP2E0LUuqET8RkTtUL1YwlW_OUXrt9DB0_dBJ-pgSW4hxRzTSgvYKFIG5NXjO6w_X4ij5Pz-DdxR6K8qj2rCg&amp;__tn__=-%5DK-R\"><span class=\"s3\">Ecofimatica<\/span><\/a> y <a href=\"https:\/\/www.facebook.com\/Ecoasimelec?__cft__%5B0%5D=AZWOlFfTK80nNw-SWturpce6BI0ckYkJvqMRMyeMl17R5kWFzj6xNZhkpZBtyX366CcRgCG0EGVd75wDPPu2s9bp6xP2E0LUuqET8RkTtUL1YwlW_OUXrt9DB0_dBJ-pgSW4hxRzTSgvYKFIG5NXjO6w_X4ij5Pz-DdxR6K8qj2rCg&amp;__tn__=-%5DK-R\"><span class=\"s3\">Ecoasimelec<\/span><\/a>, en colaboraci\u00f3n con el Ayuntamiento de Madrid con la que se pretende, adem\u00e1s de <\/span>aumentar la reutilizaci\u00f3n y reciclaje de este tipo de residuos,\u00a0 <em><strong>fomentar la responsabilidad ambiental entre la ciudadan\u00eda en la gesti\u00f3n de sus residuos.<\/strong><\/em><\/p>\n<p><strong>La colaboraci\u00f3n tiene premio.<\/strong><br \/>\n<span class=\"s2\">Se incentiva a la poblaci\u00f3n para que en las pr\u00f3ximas semanas deposite los aparatos el\u00e9ctricos y electr\u00f3nicos que ya no sirvan en casa, tanto si funcionan como si no, en los puntos de recogida. En ellos, se encontrar\u00e1n\u00a0 instrucciones para participar en el sorteo de 25 port\u00e1tiles reacondicionados de 6\u00aa o 7\u00aa generaci\u00f3n. Toda la informaci\u00f3n en <a href=\"http:\/\/www.recyclia.es\/\"><span class=\"s4\">www.recyclia.es<\/span><\/a>\u00a0<\/span><\/p>\n<p><strong>\u00bfQu\u00e9 residuos que se pueden depositar?<\/strong><\/p>\n<p>Aquellos que midan menos de 50 cm, especialmente, m\u00f3viles, tablets, ordenadores, impresoras, MP3, iPods, peque\u00f1as herramientas el\u00e9ctricas, c\u00e1maras digitales, transistores, radios, relojes, pantallas peque\u00f1as; y tambi\u00e9n cables, cargadores, peque\u00f1os aparatos de cocina, etc\u2026<\/p>\n<p><strong>\u00bfCu\u00e1les ser\u00e1n nuestras funciones?<\/strong><\/p>\n<ol>\n<li>Organizar y coordinar la campa\u00f1a con los puntos habilitados del ayuntamiento, facilitando <span class=\"s1\">paletbox (contenedor) para que puedan depositar los residuos el\u00e9ctricos y electr\u00f3nicos<\/span><\/li>\n<li>Retirada y procesa de reacondicionamiento del material recogido.<\/li>\n<li>Talleres<span class=\"s1\"> de reacondicionamiento para concienciar al ciudadano de una correcta gesti\u00f3n de los aparatos el\u00e9ctricos y electr\u00f3nicos y ense\u00f1arle algunos trucos para intentar alargar la vida de sus aparatos.\u00a0<\/span><\/li>\n<li>Crear un informe final detallado con las actividades llevadas a cabo. Entre otros indicadores,\u00a0 se incluir\u00e1 un An\u00e1lisis de Ciclo de Vida de la gesti\u00f3n de los residuos con aportaci\u00f3n de indicadores de impacto ambiental positivo, entre ellos, el relacionado con cambio clim\u00e1tico y emisiones de CO<sub>2<\/sub> evitadas.<\/li>\n<\/ol>\n<p><strong><br \/>\nCentros municipales que son puntos de recogida:<\/strong><\/p>\n<ul>\n<li>CDM Vallehermoso, en la calle Santander, distrito de Chamber\u00ed<\/li>\n<li>CDM Pepu Hern\u00e1ndez, en la Avenida de Niza, 8, en San Blas- Canillejas;<\/li>\n<li>CDM Francisco Fern\u00e1ndez Ochoa, en la Calle Catorce Olivas s\/n, en Carabanchel<\/li>\n<li>Centro Cultural Almirante Churruca, Calle Fuente del Tiro, 72, en el distrito de Las \u00c1guilas.<\/li>\n<\/ul>\n<p>&nbsp;<\/p>\n<p>Toda la informaci\u00f3n en <a href=\"http:\/\/www.recyclia.es\" target=\"_blank\" rel=\"noopener noreferrer\">www.recyclia.es<\/a><\/p>\n<p><strong><span class=\"s2\">\u00a1Cuidar Madrid es sencillo entre todos!<\/span><\/strong><\/p>\n<p>&nbsp;<\/p>\n<p class=\"p7\">\n<p><\/p>","protected":false},"excerpt":{"rendered":"<p>&nbsp; Revertia ser\u00e1 la empresa coordinadora e interlocutora con los centros municipales habilitados como puntos de entrega de los PAE (peque\u00f1os aparatos el\u00e9ctricos) en esta campa\u00f1a que durar\u00e1 3 meses. #renovarsenomorir es una iniciativa de Ecofimatica y Ecoasimelec, en colaboraci\u00f3n con el Ayuntamiento de Madrid con la que se pretende, adem\u00e1s de aumentar la reutilizaci\u00f3n [&hellip;]<\/p>\n","protected":false},"author":3,"featured_media":27743,"comment_status":"closed","ping_status":"closed","sticky":false,"template":"","format":"standard","meta":{"_acf_changed":false,"inline_featured_image":false,"footnotes":""},"categories":[4,3],"tags":[43],"acf":[],"yoast_head":"<!-- This site is optimized with the Yoast SEO plugin v22.8 - https:\/\/yoast.com\/wordpress\/plugins\/seo\/ -->\n<title>Arranca la campa\u00f1a #renovarsenomorir en el Ayuntamiento de Madrid - Revertia<\/title>\n<meta name=\"description\" content=\"Arranca la campa\u00f1a Renovarse no morir en Madrid para fomentar la responsabilidad ambiental entre la ciudadan\u00eda en la gesti\u00f3n de sus residuos.\" \/>\n<meta name=\"robots\" content=\"index, follow, max-snippet:-1, max-image-preview:large, max-video-preview:-1\" \/>\n<link rel=\"canonical\" href=\"https:\/\/revertia.com\/es\/arranca-la-campana-renovarse-no-morir\/\" \/>\n<meta property=\"og:locale\" content=\"es_ES\" \/>\n<meta property=\"og:type\" content=\"article\" \/>\n<meta property=\"og:title\" content=\"[:es]Arranca la campa\u00f1a #renovarsenomorir en el Ayuntamiento de Madrid[:] - Revertia\" \/>\n<meta property=\"og:description\" content=\"Arranca la campa\u00f1a Renovarse no morir en Madrid para fomentar la responsabilidad ambiental entre la ciudadan\u00eda en la gesti\u00f3n de sus residuos.\" \/>\n<meta property=\"og:url\" content=\"https:\/\/revertia.com\/es\/arranca-la-campana-renovarse-no-morir\/\" \/>\n<meta property=\"og:site_name\" content=\"Revertia\" \/>\n<meta property=\"article:publisher\" content=\"https:\/\/www.facebook.com\/revertiaresiduos\/\" \/>\n<meta property=\"article:published_time\" content=\"2023-11-16T09:10:25+00:00\" \/>\n<meta property=\"article:modified_time\" content=\"2024-04-10T07:48:19+00:00\" \/>\n<meta property=\"og:image\" content=\"https:\/\/revertia.com\/wp-content\/uploads\/2023\/11\/RENOVARSENOMORIR.png\" \/>\n\t<meta property=\"og:image:width\" content=\"730\" \/>\n\t<meta property=\"og:image:height\" content=\"427\" \/>\n\t<meta property=\"og:image:type\" content=\"image\/png\" \/>\n<meta name=\"author\" content=\"revertia\" \/>\n<meta name=\"twitter:card\" content=\"summary_large_image\" \/>\n<meta name=\"twitter:creator\" content=\"@revertia\" \/>\n<meta name=\"twitter:site\" content=\"@revertia\" \/>\n<meta name=\"twitter:label1\" content=\"Escrito por\" \/>\n\t<meta name=\"twitter:data1\" content=\"revertia\" \/>\n\t<meta name=\"twitter:label2\" content=\"Tiempo de lectura\" \/>\n\t<meta name=\"twitter:data2\" content=\"2 minutos\" \/>\n<script type=\"application\/ld+json\" class=\"yoast-schema-graph\">{\"@context\":\"https:\/\/schema.org\",\"@graph\":[{\"@type\":\"Article\",\"@id\":\"https:\/\/revertia.com\/es\/arranca-la-campana-renovarse-no-morir\/#article\",\"isPartOf\":{\"@id\":\"https:\/\/revertia.com\/es\/arranca-la-campana-renovarse-no-morir\/\"},\"author\":{\"name\":\"revertia\",\"@id\":\"https:\/\/revertia.com\/es\/#\/schema\/person\/940195d5ab9083cd7288a1c686485b0f\"},\"headline\":\"Arranca la campa\u00f1a #renovarsenomorir en el Ayuntamiento de Madrid\",\"datePublished\":\"2023-11-16T09:10:25+00:00\",\"dateModified\":\"2024-04-10T07:48:19+00:00\",\"mainEntityOfPage\":{\"@id\":\"https:\/\/revertia.com\/es\/arranca-la-campana-renovarse-no-morir\/\"},\"wordCount\":407,\"publisher\":{\"@id\":\"https:\/\/revertia.com\/es\/#organization\"},\"image\":{\"@id\":\"https:\/\/revertia.com\/es\/arranca-la-campana-renovarse-no-morir\/#primaryimage\"},\"thumbnailUrl\":\"https:\/\/revertia.com\/wp-content\/uploads\/2023\/11\/RENOVARSENOMORIR.png\",\"keywords\":[\"#renovarsenomorir #campa\u00f1as\"],\"articleSection\":[\"Eventos\",\"Noticias\"],\"inLanguage\":\"es\"},{\"@type\":\"WebPage\",\"@id\":\"https:\/\/revertia.com\/es\/arranca-la-campana-renovarse-no-morir\/\",\"url\":\"https:\/\/revertia.com\/es\/arranca-la-campana-renovarse-no-morir\/\",\"name\":\"[:es]Arranca la campa\u00f1a #renovarsenomorir en el Ayuntamiento de Madrid[:] - Revertia\",\"isPartOf\":{\"@id\":\"https:\/\/revertia.com\/es\/#website\"},\"primaryImageOfPage\":{\"@id\":\"https:\/\/revertia.com\/es\/arranca-la-campana-renovarse-no-morir\/#primaryimage\"},\"image\":{\"@id\":\"https:\/\/revertia.com\/es\/arranca-la-campana-renovarse-no-morir\/#primaryimage\"},\"thumbnailUrl\":\"https:\/\/revertia.com\/wp-content\/uploads\/2023\/11\/RENOVARSENOMORIR.png\",\"datePublished\":\"2023-11-16T09:10:25+00:00\",\"dateModified\":\"2024-04-10T07:48:19+00:00\",\"description\":\"Arranca la campa\u00f1a Renovarse no morir en Madrid para fomentar la responsabilidad ambiental entre la ciudadan\u00eda en la gesti\u00f3n de sus residuos.\",\"breadcrumb\":{\"@id\":\"https:\/\/revertia.com\/es\/arranca-la-campana-renovarse-no-morir\/#breadcrumb\"},\"inLanguage\":\"es\",\"potentialAction\":[{\"@type\":\"ReadAction\",\"target\":[\"https:\/\/revertia.com\/es\/arranca-la-campana-renovarse-no-morir\/\"]}]},{\"@type\":\"ImageObject\",\"inLanguage\":\"es\",\"@id\":\"https:\/\/revertia.com\/es\/arranca-la-campana-renovarse-no-morir\/#primaryimage\",\"url\":\"https:\/\/revertia.com\/wp-content\/uploads\/2023\/11\/RENOVARSENOMORIR.png\",\"contentUrl\":\"https:\/\/revertia.com\/wp-content\/uploads\/2023\/11\/RENOVARSENOMORIR.png\",\"width\":730,\"height\":427},{\"@type\":\"BreadcrumbList\",\"@id\":\"https:\/\/revertia.com\/es\/arranca-la-campana-renovarse-no-morir\/#breadcrumb\",\"itemListElement\":[{\"@type\":\"ListItem\",\"position\":1,\"name\":\"Portada\",\"item\":\"https:\/\/revertia.com\/\"},{\"@type\":\"ListItem\",\"position\":2,\"name\":\"Arranca la campa\u00f1a #renovarsenomorir en el Ayuntamiento de Madrid\"}]},{\"@type\":\"WebSite\",\"@id\":\"https:\/\/revertia.com\/es\/#website\",\"url\":\"https:\/\/revertia.com\/es\/\",\"name\":\"Revertia\",\"description\":\"\",\"publisher\":{\"@id\":\"https:\/\/revertia.com\/es\/#organization\"},\"potentialAction\":[{\"@type\":\"SearchAction\",\"target\":{\"@type\":\"EntryPoint\",\"urlTemplate\":\"https:\/\/revertia.com\/es\/?s={search_term_string}\"},\"query-input\":\"required name=search_term_string\"}],\"inLanguage\":\"es\"},{\"@type\":\"Organization\",\"@id\":\"https:\/\/revertia.com\/es\/#organization\",\"name\":\"Revertia\",\"url\":\"https:\/\/revertia.com\/es\/\",\"logo\":{\"@type\":\"ImageObject\",\"inLanguage\":\"es\",\"@id\":\"https:\/\/revertia.com\/es\/#\/schema\/logo\/image\/\",\"url\":\"https:\/\/revertia.com\/wp-content\/uploads\/2018\/08\/logo-revertia.png\",\"contentUrl\":\"https:\/\/revertia.com\/wp-content\/uploads\/2018\/08\/logo-revertia.png\",\"width\":199,\"height\":38,\"caption\":\"Revertia\"},\"image\":{\"@id\":\"https:\/\/revertia.com\/es\/#\/schema\/logo\/image\/\"},\"sameAs\":[\"https:\/\/www.facebook.com\/revertiaresiduos\/\",\"https:\/\/x.com\/revertia\",\"https:\/\/www.linkedin.com\/company\/revertia\",\"https:\/\/www.youtube.com\/user\/revertia\"]},{\"@type\":\"Person\",\"@id\":\"https:\/\/revertia.com\/es\/#\/schema\/person\/940195d5ab9083cd7288a1c686485b0f\",\"name\":\"revertia\",\"image\":{\"@type\":\"ImageObject\",\"inLanguage\":\"es\",\"@id\":\"https:\/\/revertia.com\/es\/#\/schema\/person\/image\/\",\"url\":\"https:\/\/secure.gravatar.com\/avatar\/f0d4228f0378f96589aacc7ae76749a6?s=96&d=mm&r=g\",\"contentUrl\":\"https:\/\/secure.gravatar.com\/avatar\/f0d4228f0378f96589aacc7ae76749a6?s=96&d=mm&r=g\",\"caption\":\"revertia\"}}]}<\/script>\n<!-- \/ Yoast SEO plugin. -->","yoast_head_json":{"title":"[:es]Arranca la campa\u00f1a #renovarsenomorir en el Ayuntamiento de Madrid[:] - Revertia","description":"Arranca la campa\u00f1a Renovarse no morir en Madrid para fomentar la responsabilidad ambiental entre la ciudadan\u00eda en la gesti\u00f3n de sus residuos.","robots":{"index":"index","follow":"follow","max-snippet":"max-snippet:-1","max-image-preview":"max-image-preview:large","max-video-preview":"max-video-preview:-1"},"canonical":"https:\/\/revertia.com\/es\/arranca-la-campana-renovarse-no-morir\/","og_locale":"es_ES","og_type":"article","og_title":"[:es]Arranca la campa\u00f1a #renovarsenomorir en el Ayuntamiento de Madrid[:] - Revertia","og_description":"Arranca la campa\u00f1a Renovarse no morir en Madrid para fomentar la responsabilidad ambiental entre la ciudadan\u00eda en la gesti\u00f3n de sus residuos.","og_url":"https:\/\/revertia.com\/es\/arranca-la-campana-renovarse-no-morir\/","og_site_name":"Revertia","article_publisher":"https:\/\/www.facebook.com\/revertiaresiduos\/","article_published_time":"2023-11-16T09:10:25+00:00","article_modified_time":"2024-04-10T07:48:19+00:00","og_image":[{"width":730,"height":427,"url":"https:\/\/revertia.com\/wp-content\/uploads\/2023\/11\/RENOVARSENOMORIR.png","type":"image\/png"}],"author":"revertia","twitter_card":"summary_large_image","twitter_creator":"@revertia","twitter_site":"@revertia","twitter_misc":{"Escrito por":"revertia","Tiempo de lectura":"2 minutos"},"schema":{"@context":"https:\/\/schema.org","@graph":[{"@type":"Article","@id":"https:\/\/revertia.com\/es\/arranca-la-campana-renovarse-no-morir\/#article","isPartOf":{"@id":"https:\/\/revertia.com\/es\/arranca-la-campana-renovarse-no-morir\/"},"author":{"name":"revertia","@id":"https:\/\/revertia.com\/es\/#\/schema\/person\/940195d5ab9083cd7288a1c686485b0f"},"headline":"Arranca la campa\u00f1a #renovarsenomorir en el Ayuntamiento de Madrid","datePublished":"2023-11-16T09:10:25+00:00","dateModified":"2024-04-10T07:48:19+00:00","mainEntityOfPage":{"@id":"https:\/\/revertia.com\/es\/arranca-la-campana-renovarse-no-morir\/"},"wordCount":407,"publisher":{"@id":"https:\/\/revertia.com\/es\/#organization"},"image":{"@id":"https:\/\/revertia.com\/es\/arranca-la-campana-renovarse-no-morir\/#primaryimage"},"thumbnailUrl":"https:\/\/revertia.com\/wp-content\/uploads\/2023\/11\/RENOVARSENOMORIR.png","keywords":["#renovarsenomorir #campa\u00f1as"],"articleSection":["Eventos","Noticias"],"inLanguage":"es"},{"@type":"WebPage","@id":"https:\/\/revertia.com\/es\/arranca-la-campana-renovarse-no-morir\/","url":"https:\/\/revertia.com\/es\/arranca-la-campana-renovarse-no-morir\/","name":"[:es]Arranca la campa\u00f1a #renovarsenomorir en el Ayuntamiento de Madrid[:] - Revertia","isPartOf":{"@id":"https:\/\/revertia.com\/es\/#website"},"primaryImageOfPage":{"@id":"https:\/\/revertia.com\/es\/arranca-la-campana-renovarse-no-morir\/#primaryimage"},"image":{"@id":"https:\/\/revertia.com\/es\/arranca-la-campana-renovarse-no-morir\/#primaryimage"},"thumbnailUrl":"https:\/\/revertia.com\/wp-content\/uploads\/2023\/11\/RENOVARSENOMORIR.png","datePublished":"2023-11-16T09:10:25+00:00","dateModified":"2024-04-10T07:48:19+00:00","description":"Arranca la campa\u00f1a Renovarse no morir en Madrid para fomentar la responsabilidad ambiental entre la ciudadan\u00eda en la gesti\u00f3n de sus residuos.","breadcrumb":{"@id":"https:\/\/revertia.com\/es\/arranca-la-campana-renovarse-no-morir\/#breadcrumb"},"inLanguage":"es","potentialAction":[{"@type":"ReadAction","target":["https:\/\/revertia.com\/es\/arranca-la-campana-renovarse-no-morir\/"]}]},{"@type":"ImageObject","inLanguage":"es","@id":"https:\/\/revertia.com\/es\/arranca-la-campana-renovarse-no-morir\/#primaryimage","url":"https:\/\/revertia.com\/wp-content\/uploads\/2023\/11\/RENOVARSENOMORIR.png","contentUrl":"https:\/\/revertia.com\/wp-content\/uploads\/2023\/11\/RENOVARSENOMORIR.png","width":730,"height":427},{"@type":"BreadcrumbList","@id":"https:\/\/revertia.com\/es\/arranca-la-campana-renovarse-no-morir\/#breadcrumb","itemListElement":[{"@type":"ListItem","position":1,"name":"Portada","item":"https:\/\/revertia.com\/"},{"@type":"ListItem","position":2,"name":"Arranca la campa\u00f1a #renovarsenomorir en el Ayuntamiento de Madrid"}]},{"@type":"WebSite","@id":"https:\/\/revertia.com\/es\/#website","url":"https:\/\/revertia.com\/es\/","name":"Revertia","description":"","publisher":{"@id":"https:\/\/revertia.com\/es\/#organization"},"potentialAction":[{"@type":"SearchAction","target":{"@type":"EntryPoint","urlTemplate":"https:\/\/revertia.com\/es\/?s={search_term_string}"},"query-input":"required name=search_term_string"}],"inLanguage":"es"},{"@type":"Organization","@id":"https:\/\/revertia.com\/es\/#organization","name":"Revertia","url":"https:\/\/revertia.com\/es\/","logo":{"@type":"ImageObject","inLanguage":"es","@id":"https:\/\/revertia.com\/es\/#\/schema\/logo\/image\/","url":"https:\/\/revertia.com\/wp-content\/uploads\/2018\/08\/logo-revertia.png","contentUrl":"https:\/\/revertia.com\/wp-content\/uploads\/2018\/08\/logo-revertia.png","width":199,"height":38,"caption":"Revertia"},"image":{"@id":"https:\/\/revertia.com\/es\/#\/schema\/logo\/image\/"},"sameAs":["https:\/\/www.facebook.com\/revertiaresiduos\/","https:\/\/x.com\/revertia","https:\/\/www.linkedin.com\/company\/revertia","https:\/\/www.youtube.com\/user\/revertia"]},{"@type":"Person","@id":"https:\/\/revertia.com\/es\/#\/schema\/person\/940195d5ab9083cd7288a1c686485b0f","name":"revertia","image":{"@type":"ImageObject","inLanguage":"es","@id":"https:\/\/revertia.com\/es\/#\/schema\/person\/image\/","url":"https:\/\/secure.gravatar.com\/avatar\/f0d4228f0378f96589aacc7ae76749a6?s=96&d=mm&r=g","contentUrl":"https:\/\/secure.gravatar.com\/avatar\/f0d4228f0378f96589aacc7ae76749a6?s=96&d=mm&r=g","caption":"revertia"}}]}},"_links":{"self":[{"href":"https:\/\/revertia.com\/es\/wp-json\/wp\/v2\/posts\/27733"}],"collection":[{"href":"https:\/\/revertia.com\/es\/wp-json\/wp\/v2\/posts"}],"about":[{"href":"https:\/\/revertia.com\/es\/wp-json\/wp\/v2\/types\/post"}],"author":[{"embeddable":true,"href":"https:\/\/revertia.com\/es\/wp-json\/wp\/v2\/users\/3"}],"replies":[{"embeddable":true,"href":"https:\/\/revertia.com\/es\/wp-json\/wp\/v2\/comments?post=27733"}],"version-history":[{"count":21,"href":"https:\/\/revertia.com\/es\/wp-json\/wp\/v2\/posts\/27733\/revisions"}],"predecessor-version":[{"id":27926,"href":"https:\/\/revertia.com\/es\/wp-json\/wp\/v2\/posts\/27733\/revisions\/27926"}],"wp:featuredmedia":[{"embeddable":true,"href":"https:\/\/revertia.com\/es\/wp-json\/wp\/v2\/media\/27743"}],"wp:attachment":[{"href":"https:\/\/revertia.com\/es\/wp-json\/wp\/v2\/media?parent=27733"}],"wp:term":[{"taxonomy":"category","embeddable":true,"href":"https:\/\/revertia.com\/es\/wp-json\/wp\/v2\/categories?post=27733"},{"taxonomy":"post_tag","embeddable":true,"href":"https:\/\/revertia.com\/es\/wp-json\/wp\/v2\/tags?post=27733"}],"curies":[{"name":"wp","href":"https:\/\/api.w.org\/{rel}","templated":true}]}}