{"id":19647,"date":"2022-10-21T10:27:40","date_gmt":"2022-10-21T08:27:40","guid":{"rendered":"https:\/\/revertia.com\/?p=19647"},"modified":"2022-10-21T15:03:53","modified_gmt":"2022-10-21T13:03:53","slug":"revertia-en-las-jornadas-sobre-internacionalizacion-y-economia-circular-del-icex","status":"publish","type":"post","link":"https:\/\/revertia.com\/es\/revertia-en-las-jornadas-sobre-internacionalizacion-y-economia-circular-del-icex\/","title":{"rendered":"Revertia en las jornadas sobre Internacionalizaci\u00f3n y Econom\u00eda Circular del ICEX"},"content":{"rendered":"<p><img loading=\"lazy\" decoding=\"async\" class=\" wp-image-19648 alignleft\" src=\"https:\/\/revertia.com\/wp-content\/uploads\/2022\/10\/Logo.jpg\" alt=\"\" width=\"288\" height=\"216\" \/><a href=\"https:\/\/www.icex.es\/icex\/es\/navegacion-principal\/todos-nuestros-servicios\/visitar-mercados\/agenda\/SEM2022914450.html?utm_source=email&amp;utm_medium=webinario&amp;utm_content=cta-1&amp;utm_campaign=act-00003671-ciclo-jornadas-internacionalizacion-economia-circular-aproximacion-sectorial-espana-2022\">ICEX Espa\u00f1a Exportaci\u00f3n e Inversiones<\/a> y el Instituto para el Crecimiento Sostenible de la Empresa (ICSEM)\u00a0organizan el\u00a0ciclo de jornadas virtuales de \u201cInternacionalizaci\u00f3n y Econom\u00eda Circular desde una aproximaci\u00f3n sectorial\u201d, con la colaboraci\u00f3n de la\u00a0Fundaci\u00f3n ICO, la\u00a0Fundaci\u00f3n CONAMA\u00a0y\u00a0Corresponsables. El ciclo comenzar\u00e1 el pr\u00f3ximo 15 de septiembre de 2022, con una primera jornada sobre el contexto de la econom\u00eda circular como herramienta de competitividad e internacionalizaci\u00f3n, seguido de seis webinarios sectoriales donde diferentes empresas pondr\u00e1n en valor sus experiencias en materia de econom\u00eda circular en el contexto internacional. El presente ciclo abordar\u00e1 los siguientes sectores: alimentario, textil y confecci\u00f3n, turismo, servicios urbanos, construcci\u00f3n y tecnolog\u00eda industrial.<\/p>\n<p>Revertia participa el pr\u00f3ximo jueves 27 de octubre en la \u00faltima jornada dedicada a <a href=\"file:\/\/\/C:\/Users\/Alejo%20Calatayud\/Downloads\/Programa%20Webminario%20Jornada%206_.pdf\">tecnolog\u00eda industrial<\/a>, abordando la problem\u00e1tica de la gesti\u00f3n de los residuos tecnol\u00f3gicos y las soluciones que plantean para reducir su generaci\u00f3n desde una \u00f3ptica circular.<\/p>\n<p>M\u00e1s info e inscripciones: <a class=\"mailto ellipsis\" title=\"mailto:informacion@icex.es\" href=\"mailto:informacion@icex.es\">informacion@icex.es<\/a><\/p>","protected":false},"excerpt":{"rendered":"<p>ICEX Espa\u00f1a Exportaci\u00f3n e Inversiones y el Instituto para el Crecimiento Sostenible de la Empresa (ICSEM)\u00a0organizan el\u00a0ciclo de jornadas virtuales de \u201cInternacionalizaci\u00f3n y Econom\u00eda Circular desde una aproximaci\u00f3n sectorial\u201d, con la colaboraci\u00f3n de la\u00a0Fundaci\u00f3n ICO, la\u00a0Fundaci\u00f3n CONAMA\u00a0y\u00a0Corresponsables. El ciclo comenzar\u00e1 el pr\u00f3ximo 15 de septiembre de 2022, con una primera jornada sobre el contexto de [&hellip;]<\/p>\n","protected":false},"author":3,"featured_media":19653,"comment_status":"closed","ping_status":"closed","sticky":false,"template":"","format":"standard","meta":{"_acf_changed":false,"inline_featured_image":false,"footnotes":""},"categories":[4,3],"tags":[],"acf":[],"yoast_head":"<!-- This site is optimized with the Yoast SEO plugin v22.8 - https:\/\/yoast.com\/wordpress\/plugins\/seo\/ -->\n<title>Revertia en las jornadas sobre Internacionalizaci\u00f3n y Econom\u00eda Circular del ICEX - Revertia<\/title>\n<meta name=\"robots\" content=\"index, follow, max-snippet:-1, max-image-preview:large, max-video-preview:-1\" \/>\n<link rel=\"canonical\" href=\"https:\/\/revertia.com\/es\/revertia-en-las-jornadas-sobre-internacionalizacion-y-economia-circular-del-icex\/\" \/>\n<meta property=\"og:locale\" content=\"es_ES\" \/>\n<meta property=\"og:type\" content=\"article\" \/>\n<meta property=\"og:title\" content=\"[:es]Revertia en las jornadas sobre Internacionalizaci\u00f3n y Econom\u00eda Circular del ICEX[:] - Revertia\" \/>\n<meta property=\"og:description\" content=\"ICEX Espa\u00f1a Exportaci\u00f3n e Inversiones y el Instituto para el Crecimiento Sostenible de la Empresa (ICSEM)\u00a0organizan el\u00a0ciclo de jornadas virtuales de \u201cInternacionalizaci\u00f3n y Econom\u00eda Circular desde una aproximaci\u00f3n sectorial\u201d, con la colaboraci\u00f3n de la\u00a0Fundaci\u00f3n ICO, la\u00a0Fundaci\u00f3n CONAMA\u00a0y\u00a0Corresponsables. El ciclo comenzar\u00e1 el pr\u00f3ximo 15 de septiembre de 2022, con una primera jornada sobre el contexto de [&hellip;]\" \/>\n<meta property=\"og:url\" content=\"https:\/\/revertia.com\/es\/revertia-en-las-jornadas-sobre-internacionalizacion-y-economia-circular-del-icex\/\" \/>\n<meta property=\"og:site_name\" content=\"Revertia\" \/>\n<meta property=\"article:publisher\" content=\"https:\/\/www.facebook.com\/revertiaresiduos\/\" \/>\n<meta property=\"article:published_time\" content=\"2022-10-21T08:27:40+00:00\" \/>\n<meta property=\"article:modified_time\" content=\"2022-10-21T13:03:53+00:00\" \/>\n<meta property=\"og:image\" content=\"https:\/\/revertia.com\/wp-content\/uploads\/2022\/10\/Logo-1.jpg\" \/>\n\t<meta property=\"og:image:width\" content=\"346\" \/>\n\t<meta property=\"og:image:height\" content=\"280\" \/>\n\t<meta property=\"og:image:type\" content=\"image\/jpeg\" \/>\n<meta name=\"author\" content=\"revertia\" \/>\n<meta name=\"twitter:card\" content=\"summary_large_image\" \/>\n<meta name=\"twitter:creator\" content=\"@revertia\" \/>\n<meta name=\"twitter:site\" content=\"@revertia\" \/>\n<meta name=\"twitter:label1\" content=\"Escrito por\" \/>\n\t<meta name=\"twitter:data1\" content=\"revertia\" \/>\n\t<meta name=\"twitter:label2\" content=\"Tiempo de lectura\" \/>\n\t<meta name=\"twitter:data2\" content=\"1 minuto\" \/>\n<script type=\"application\/ld+json\" class=\"yoast-schema-graph\">{\"@context\":\"https:\/\/schema.org\",\"@graph\":[{\"@type\":\"Article\",\"@id\":\"https:\/\/revertia.com\/es\/revertia-en-las-jornadas-sobre-internacionalizacion-y-economia-circular-del-icex\/#article\",\"isPartOf\":{\"@id\":\"https:\/\/revertia.com\/es\/revertia-en-las-jornadas-sobre-internacionalizacion-y-economia-circular-del-icex\/\"},\"author\":{\"name\":\"revertia\",\"@id\":\"https:\/\/revertia.com\/es\/#\/schema\/person\/940195d5ab9083cd7288a1c686485b0f\"},\"headline\":\"Revertia en las jornadas sobre Internacionalizaci\u00f3n y Econom\u00eda Circular del ICEX\",\"datePublished\":\"2022-10-21T08:27:40+00:00\",\"dateModified\":\"2022-10-21T13:03:53+00:00\",\"mainEntityOfPage\":{\"@id\":\"https:\/\/revertia.com\/es\/revertia-en-las-jornadas-sobre-internacionalizacion-y-economia-circular-del-icex\/\"},\"wordCount\":191,\"publisher\":{\"@id\":\"https:\/\/revertia.com\/es\/#organization\"},\"image\":{\"@id\":\"https:\/\/revertia.com\/es\/revertia-en-las-jornadas-sobre-internacionalizacion-y-economia-circular-del-icex\/#primaryimage\"},\"thumbnailUrl\":\"https:\/\/revertia.com\/wp-content\/uploads\/2022\/10\/Logo-1.jpg\",\"articleSection\":[\"Eventos\",\"Noticias\"],\"inLanguage\":\"es\"},{\"@type\":\"WebPage\",\"@id\":\"https:\/\/revertia.com\/es\/revertia-en-las-jornadas-sobre-internacionalizacion-y-economia-circular-del-icex\/\",\"url\":\"https:\/\/revertia.com\/es\/revertia-en-las-jornadas-sobre-internacionalizacion-y-economia-circular-del-icex\/\",\"name\":\"[:es]Revertia en las jornadas sobre Internacionalizaci\u00f3n y Econom\u00eda Circular del ICEX[:] - Revertia\",\"isPartOf\":{\"@id\":\"https:\/\/revertia.com\/es\/#website\"},\"primaryImageOfPage\":{\"@id\":\"https:\/\/revertia.com\/es\/revertia-en-las-jornadas-sobre-internacionalizacion-y-economia-circular-del-icex\/#primaryimage\"},\"image\":{\"@id\":\"https:\/\/revertia.com\/es\/revertia-en-las-jornadas-sobre-internacionalizacion-y-economia-circular-del-icex\/#primaryimage\"},\"thumbnailUrl\":\"https:\/\/revertia.com\/wp-content\/uploads\/2022\/10\/Logo-1.jpg\",\"datePublished\":\"2022-10-21T08:27:40+00:00\",\"dateModified\":\"2022-10-21T13:03:53+00:00\",\"breadcrumb\":{\"@id\":\"https:\/\/revertia.com\/es\/revertia-en-las-jornadas-sobre-internacionalizacion-y-economia-circular-del-icex\/#breadcrumb\"},\"inLanguage\":\"es\",\"potentialAction\":[{\"@type\":\"ReadAction\",\"target\":[\"https:\/\/revertia.com\/es\/revertia-en-las-jornadas-sobre-internacionalizacion-y-economia-circular-del-icex\/\"]}]},{\"@type\":\"ImageObject\",\"inLanguage\":\"es\",\"@id\":\"https:\/\/revertia.com\/es\/revertia-en-las-jornadas-sobre-internacionalizacion-y-economia-circular-del-icex\/#primaryimage\",\"url\":\"https:\/\/revertia.com\/wp-content\/uploads\/2022\/10\/Logo-1.jpg\",\"contentUrl\":\"https:\/\/revertia.com\/wp-content\/uploads\/2022\/10\/Logo-1.jpg\",\"width\":346,\"height\":280},{\"@type\":\"BreadcrumbList\",\"@id\":\"https:\/\/revertia.com\/es\/revertia-en-las-jornadas-sobre-internacionalizacion-y-economia-circular-del-icex\/#breadcrumb\",\"itemListElement\":[{\"@type\":\"ListItem\",\"position\":1,\"name\":\"Portada\",\"item\":\"https:\/\/revertia.com\/\"},{\"@type\":\"ListItem\",\"position\":2,\"name\":\"Revertia en las jornadas sobre Internacionalizaci\u00f3n y Econom\u00eda Circular del ICEX\"}]},{\"@type\":\"WebSite\",\"@id\":\"https:\/\/revertia.com\/es\/#website\",\"url\":\"https:\/\/revertia.com\/es\/\",\"name\":\"Revertia\",\"description\":\"\",\"publisher\":{\"@id\":\"https:\/\/revertia.com\/es\/#organization\"},\"potentialAction\":[{\"@type\":\"SearchAction\",\"target\":{\"@type\":\"EntryPoint\",\"urlTemplate\":\"https:\/\/revertia.com\/es\/?s={search_term_string}\"},\"query-input\":\"required name=search_term_string\"}],\"inLanguage\":\"es\"},{\"@type\":\"Organization\",\"@id\":\"https:\/\/revertia.com\/es\/#organization\",\"name\":\"Revertia\",\"url\":\"https:\/\/revertia.com\/es\/\",\"logo\":{\"@type\":\"ImageObject\",\"inLanguage\":\"es\",\"@id\":\"https:\/\/revertia.com\/es\/#\/schema\/logo\/image\/\",\"url\":\"https:\/\/revertia.com\/wp-content\/uploads\/2018\/08\/logo-revertia.png\",\"contentUrl\":\"https:\/\/revertia.com\/wp-content\/uploads\/2018\/08\/logo-revertia.png\",\"width\":199,\"height\":38,\"caption\":\"Revertia\"},\"image\":{\"@id\":\"https:\/\/revertia.com\/es\/#\/schema\/logo\/image\/\"},\"sameAs\":[\"https:\/\/www.facebook.com\/revertiaresiduos\/\",\"https:\/\/x.com\/revertia\",\"https:\/\/www.linkedin.com\/company\/revertia\",\"https:\/\/www.youtube.com\/user\/revertia\"]},{\"@type\":\"Person\",\"@id\":\"https:\/\/revertia.com\/es\/#\/schema\/person\/940195d5ab9083cd7288a1c686485b0f\",\"name\":\"revertia\",\"image\":{\"@type\":\"ImageObject\",\"inLanguage\":\"es\",\"@id\":\"https:\/\/revertia.com\/es\/#\/schema\/person\/image\/\",\"url\":\"https:\/\/secure.gravatar.com\/avatar\/f0d4228f0378f96589aacc7ae76749a6?s=96&d=mm&r=g\",\"contentUrl\":\"https:\/\/secure.gravatar.com\/avatar\/f0d4228f0378f96589aacc7ae76749a6?s=96&d=mm&r=g\",\"caption\":\"revertia\"}}]}<\/script>\n<!-- \/ Yoast SEO plugin. -->","yoast_head_json":{"title":"[:es]Revertia en las jornadas sobre Internacionalizaci\u00f3n y Econom\u00eda Circular del ICEX[:] - Revertia","robots":{"index":"index","follow":"follow","max-snippet":"max-snippet:-1","max-image-preview":"max-image-preview:large","max-video-preview":"max-video-preview:-1"},"canonical":"https:\/\/revertia.com\/es\/revertia-en-las-jornadas-sobre-internacionalizacion-y-economia-circular-del-icex\/","og_locale":"es_ES","og_type":"article","og_title":"[:es]Revertia en las jornadas sobre Internacionalizaci\u00f3n y Econom\u00eda Circular del ICEX[:] - Revertia","og_description":"ICEX Espa\u00f1a Exportaci\u00f3n e Inversiones y el Instituto para el Crecimiento Sostenible de la Empresa (ICSEM)\u00a0organizan el\u00a0ciclo de jornadas virtuales de \u201cInternacionalizaci\u00f3n y Econom\u00eda Circular desde una aproximaci\u00f3n sectorial\u201d, con la colaboraci\u00f3n de la\u00a0Fundaci\u00f3n ICO, la\u00a0Fundaci\u00f3n CONAMA\u00a0y\u00a0Corresponsables. El ciclo comenzar\u00e1 el pr\u00f3ximo 15 de septiembre de 2022, con una primera jornada sobre el contexto de [&hellip;]","og_url":"https:\/\/revertia.com\/es\/revertia-en-las-jornadas-sobre-internacionalizacion-y-economia-circular-del-icex\/","og_site_name":"Revertia","article_publisher":"https:\/\/www.facebook.com\/revertiaresiduos\/","article_published_time":"2022-10-21T08:27:40+00:00","article_modified_time":"2022-10-21T13:03:53+00:00","og_image":[{"width":346,"height":280,"url":"https:\/\/revertia.com\/wp-content\/uploads\/2022\/10\/Logo-1.jpg","type":"image\/jpeg"}],"author":"revertia","twitter_card":"summary_large_image","twitter_creator":"@revertia","twitter_site":"@revertia","twitter_misc":{"Escrito por":"revertia","Tiempo de lectura":"1 minuto"},"schema":{"@context":"https:\/\/schema.org","@graph":[{"@type":"Article","@id":"https:\/\/revertia.com\/es\/revertia-en-las-jornadas-sobre-internacionalizacion-y-economia-circular-del-icex\/#article","isPartOf":{"@id":"https:\/\/revertia.com\/es\/revertia-en-las-jornadas-sobre-internacionalizacion-y-economia-circular-del-icex\/"},"author":{"name":"revertia","@id":"https:\/\/revertia.com\/es\/#\/schema\/person\/940195d5ab9083cd7288a1c686485b0f"},"headline":"Revertia en las jornadas sobre Internacionalizaci\u00f3n y Econom\u00eda Circular del ICEX","datePublished":"2022-10-21T08:27:40+00:00","dateModified":"2022-10-21T13:03:53+00:00","mainEntityOfPage":{"@id":"https:\/\/revertia.com\/es\/revertia-en-las-jornadas-sobre-internacionalizacion-y-economia-circular-del-icex\/"},"wordCount":191,"publisher":{"@id":"https:\/\/revertia.com\/es\/#organization"},"image":{"@id":"https:\/\/revertia.com\/es\/revertia-en-las-jornadas-sobre-internacionalizacion-y-economia-circular-del-icex\/#primaryimage"},"thumbnailUrl":"https:\/\/revertia.com\/wp-content\/uploads\/2022\/10\/Logo-1.jpg","articleSection":["Eventos","Noticias"],"inLanguage":"es"},{"@type":"WebPage","@id":"https:\/\/revertia.com\/es\/revertia-en-las-jornadas-sobre-internacionalizacion-y-economia-circular-del-icex\/","url":"https:\/\/revertia.com\/es\/revertia-en-las-jornadas-sobre-internacionalizacion-y-economia-circular-del-icex\/","name":"[:es]Revertia en las jornadas sobre Internacionalizaci\u00f3n y Econom\u00eda Circular del ICEX[:] - Revertia","isPartOf":{"@id":"https:\/\/revertia.com\/es\/#website"},"primaryImageOfPage":{"@id":"https:\/\/revertia.com\/es\/revertia-en-las-jornadas-sobre-internacionalizacion-y-economia-circular-del-icex\/#primaryimage"},"image":{"@id":"https:\/\/revertia.com\/es\/revertia-en-las-jornadas-sobre-internacionalizacion-y-economia-circular-del-icex\/#primaryimage"},"thumbnailUrl":"https:\/\/revertia.com\/wp-content\/uploads\/2022\/10\/Logo-1.jpg","datePublished":"2022-10-21T08:27:40+00:00","dateModified":"2022-10-21T13:03:53+00:00","breadcrumb":{"@id":"https:\/\/revertia.com\/es\/revertia-en-las-jornadas-sobre-internacionalizacion-y-economia-circular-del-icex\/#breadcrumb"},"inLanguage":"es","potentialAction":[{"@type":"ReadAction","target":["https:\/\/revertia.com\/es\/revertia-en-las-jornadas-sobre-internacionalizacion-y-economia-circular-del-icex\/"]}]},{"@type":"ImageObject","inLanguage":"es","@id":"https:\/\/revertia.com\/es\/revertia-en-las-jornadas-sobre-internacionalizacion-y-economia-circular-del-icex\/#primaryimage","url":"https:\/\/revertia.com\/wp-content\/uploads\/2022\/10\/Logo-1.jpg","contentUrl":"https:\/\/revertia.com\/wp-content\/uploads\/2022\/10\/Logo-1.jpg","width":346,"height":280},{"@type":"BreadcrumbList","@id":"https:\/\/revertia.com\/es\/revertia-en-las-jornadas-sobre-internacionalizacion-y-economia-circular-del-icex\/#breadcrumb","itemListElement":[{"@type":"ListItem","position":1,"name":"Portada","item":"https:\/\/revertia.com\/"},{"@type":"ListItem","position":2,"name":"Revertia en las jornadas sobre Internacionalizaci\u00f3n y Econom\u00eda Circular del ICEX"}]},{"@type":"WebSite","@id":"https:\/\/revertia.com\/es\/#website","url":"https:\/\/revertia.com\/es\/","name":"Revertia","description":"","publisher":{"@id":"https:\/\/revertia.com\/es\/#organization"},"potentialAction":[{"@type":"SearchAction","target":{"@type":"EntryPoint","urlTemplate":"https:\/\/revertia.com\/es\/?s={search_term_string}"},"query-input":"required name=search_term_string"}],"inLanguage":"es"},{"@type":"Organization","@id":"https:\/\/revertia.com\/es\/#organization","name":"Revertia","url":"https:\/\/revertia.com\/es\/","logo":{"@type":"ImageObject","inLanguage":"es","@id":"https:\/\/revertia.com\/es\/#\/schema\/logo\/image\/","url":"https:\/\/revertia.com\/wp-content\/uploads\/2018\/08\/logo-revertia.png","contentUrl":"https:\/\/revertia.com\/wp-content\/uploads\/2018\/08\/logo-revertia.png","width":199,"height":38,"caption":"Revertia"},"image":{"@id":"https:\/\/revertia.com\/es\/#\/schema\/logo\/image\/"},"sameAs":["https:\/\/www.facebook.com\/revertiaresiduos\/","https:\/\/x.com\/revertia","https:\/\/www.linkedin.com\/company\/revertia","https:\/\/www.youtube.com\/user\/revertia"]},{"@type":"Person","@id":"https:\/\/revertia.com\/es\/#\/schema\/person\/940195d5ab9083cd7288a1c686485b0f","name":"revertia","image":{"@type":"ImageObject","inLanguage":"es","@id":"https:\/\/revertia.com\/es\/#\/schema\/person\/image\/","url":"https:\/\/secure.gravatar.com\/avatar\/f0d4228f0378f96589aacc7ae76749a6?s=96&d=mm&r=g","contentUrl":"https:\/\/secure.gravatar.com\/avatar\/f0d4228f0378f96589aacc7ae76749a6?s=96&d=mm&r=g","caption":"revertia"}}]}},"_links":{"self":[{"href":"https:\/\/revertia.com\/es\/wp-json\/wp\/v2\/posts\/19647"}],"collection":[{"href":"https:\/\/revertia.com\/es\/wp-json\/wp\/v2\/posts"}],"about":[{"href":"https:\/\/revertia.com\/es\/wp-json\/wp\/v2\/types\/post"}],"author":[{"embeddable":true,"href":"https:\/\/revertia.com\/es\/wp-json\/wp\/v2\/users\/3"}],"replies":[{"embeddable":true,"href":"https:\/\/revertia.com\/es\/wp-json\/wp\/v2\/comments?post=19647"}],"version-history":[{"count":9,"href":"https:\/\/revertia.com\/es\/wp-json\/wp\/v2\/posts\/19647\/revisions"}],"predecessor-version":[{"id":19667,"href":"https:\/\/revertia.com\/es\/wp-json\/wp\/v2\/posts\/19647\/revisions\/19667"}],"wp:featuredmedia":[{"embeddable":true,"href":"https:\/\/revertia.com\/es\/wp-json\/wp\/v2\/media\/19653"}],"wp:attachment":[{"href":"https:\/\/revertia.com\/es\/wp-json\/wp\/v2\/media?parent=19647"}],"wp:term":[{"taxonomy":"category","embeddable":true,"href":"https:\/\/revertia.com\/es\/wp-json\/wp\/v2\/categories?post=19647"},{"taxonomy":"post_tag","embeddable":true,"href":"https:\/\/revertia.com\/es\/wp-json\/wp\/v2\/tags?post=19647"}],"curies":[{"name":"wp","href":"https:\/\/api.w.org\/{rel}","templated":true}]}}